{"id":119079,"date":"2021-06-21T11:05:26","date_gmt":"2021-06-21T15:05:26","guid":{"rendered":"https:\/\/linitiative.ca\/International\/coalition-anti-daech-reunion-des-ministres-des-ae-a-rome\/"},"modified":"2021-06-21T11:05:26","modified_gmt":"2021-06-21T15:05:26","slug":"coalition-anti-daech-reunion-des-ministres-des-ae-a-rome","status":"publish","type":"post","link":"https:\/\/linitiative.ca\/International\/coalition-anti-daech-reunion-des-ministres-des-ae-a-rome\/","title":{"rendered":"Coalition anti-Daech: r\u00e9union des ministres des AE \u00e0 Rome"},"content":{"rendered":"<div>\n<div class=\"field field-name-body field-type-text-with-summary field-label-hidden\">\n<div class=\"field-items\">\n<div class=\"field-item even\" property=\"content:encoded\">\n<p class=\"rtejustify\">Le chef de la diplomatie am\u00e9ricaine, Antony Blinken et son homologue italien, Luigi Di Maio, co-organisent le 28 juin \u00e0 Rome, une r\u00e9union des ministres des Affaires \u00e9trang\u00e8res de la Coalition internationale anti-Daesh, a indiqu\u00e9 lundi le d\u00e9partement d\u2019Etat.<\/p>\n<\/div>\n<\/div>\n<\/div>\n<\/div>\n<p>Auteur: mbasraoui<br \/>\n<a href=\"https:\/\/www.leconomiste.com\/flash-infos\/coalition-anti-daech-reunion-des-ministres-des-ae-rome\">Cliquez ici pour lire l&rsquo;article depuis sa source.<\/a><\/p>\n","protected":false},"excerpt":{"rendered":"<p>Le chef de la diplomatie am\u00e9ricaine, Antony Blinken et son homologue italien, Luigi Di Maio, co-organisent le 28 juin \u00e0 Rome, une r\u00e9union des ministres des Affaires \u00e9trang\u00e8res de la Coalition internationale anti-Daesh, a indiqu\u00e9 lundi le d\u00e9partement d\u2019Etat. Auteur: mbasraoui Cliquez ici pour lire l&rsquo;article depuis sa source.<\/p>\n","protected":false},"author":1763,"featured_media":0,"comment_status":"closed","ping_status":"closed","sticky":false,"template":"","format":"standard","meta":{"fifu_image_url":"","fifu_image_alt":"","footnotes":""},"categories":[78,54],"tags":[],"class_list":["post-119079","post","type-post","status-publish","format-standard","hentry","category-economie","category-maroc"],"_links":{"self":[{"href":"https:\/\/linitiative.ca\/International\/wp-json\/wp\/v2\/posts\/119079","targetHints":{"allow":["GET"]}}],"collection":[{"href":"https:\/\/linitiative.ca\/International\/wp-json\/wp\/v2\/posts"}],"about":[{"href":"https:\/\/linitiative.ca\/International\/wp-json\/wp\/v2\/types\/post"}],"author":[{"embeddable":true,"href":"https:\/\/linitiative.ca\/International\/wp-json\/wp\/v2\/users\/1763"}],"replies":[{"embeddable":true,"href":"https:\/\/linitiative.ca\/International\/wp-json\/wp\/v2\/comments?post=119079"}],"version-history":[{"count":0,"href":"https:\/\/linitiative.ca\/International\/wp-json\/wp\/v2\/posts\/119079\/revisions"}],"wp:attachment":[{"href":"https:\/\/linitiative.ca\/International\/wp-json\/wp\/v2\/media?parent=119079"}],"wp:term":[{"taxonomy":"category","embeddable":true,"href":"https:\/\/linitiative.ca\/International\/wp-json\/wp\/v2\/categories?post=119079"},{"taxonomy":"post_tag","embeddable":true,"href":"https:\/\/linitiative.ca\/International\/wp-json\/wp\/v2\/tags?post=119079"}],"curies":[{"name":"wp","href":"https:\/\/api.w.org\/{rel}","templated":true}]}}