{"id":119085,"date":"2021-06-21T15:14:55","date_gmt":"2021-06-21T19:14:55","guid":{"rendered":"https:\/\/linitiative.ca\/International\/euro-2021-ukraine-autriche-les-compos-dequipes\/"},"modified":"2021-06-21T15:14:55","modified_gmt":"2021-06-21T19:14:55","slug":"euro-2021-ukraine-autriche-les-compos-dequipes","status":"publish","type":"post","link":"https:\/\/linitiative.ca\/International\/euro-2021-ukraine-autriche-les-compos-dequipes\/","title":{"rendered":"Euro 2021 : Ukraine &#8211; Autriche (Les compos d&rsquo;\u00e9quipes)"},"content":{"rendered":"<div>A \u00e9galit\u00e9 avec trois points, l&rsquo;Ukraine et l&rsquo;Autriche s&rsquo;affrontent ce lundi (17h) lors de la 3e journ\u00e9e du groupe C de l&rsquo;Euro avec l&rsquo;objectif de se qualifier pour les 8es de finale.<img loading=\"lazy\" decoding=\"async\" src=\"http:\/\/feeds.feedburner.com\/~r\/GalerieFArtciles\/~4\/QWH59tpsTm4\" height=\"1\" width=\"1\" alt=\"\"><\/div>\n<p>Auteur:<br \/>\n<a href=\"http:\/\/www.lebuteur.com\/article\/detail?titre=euro-2021-ukraine-autriche-les-compos-dequipes&#038;id=100431&#038;utm_source=feedburner&#038;utm_medium=feed&#038;utm_campaign=Feed%3A+GalerieFArtciles+%28Les+derniers+articles++-+lebuteur.com%29\">Cliquez ici pour lire l&rsquo;article depuis sa source.<\/a><\/p>\n","protected":false},"excerpt":{"rendered":"<p>A \u00e9galit\u00e9 avec trois points, l&rsquo;Ukraine et l&rsquo;Autriche s&rsquo;affrontent ce lundi (17h) lors de la 3e journ\u00e9e du groupe C de l&rsquo;Euro avec l&rsquo;objectif de se qualifier pour les 8es de finale. Auteur: Cliquez ici pour lire l&rsquo;article depuis sa source.<\/p>\n","protected":false},"author":1738,"featured_media":0,"comment_status":"closed","ping_status":"closed","sticky":false,"template":"","format":"standard","meta":{"fifu_image_url":"http:\/\/feeds.feedburner.com\/~r\/GalerieFArtciles\/~4\/QWH59tpsTm4","fifu_image_alt":"<div>Euro 2021 : Ukraine - Autriche (Les compos d'\u00e9quipes)<\/div>","footnotes":""},"categories":[53,75],"tags":[],"class_list":["post-119085","post","type-post","status-publish","format-standard","hentry","category-algerie","category-sport"],"_links":{"self":[{"href":"https:\/\/linitiative.ca\/International\/wp-json\/wp\/v2\/posts\/119085","targetHints":{"allow":["GET"]}}],"collection":[{"href":"https:\/\/linitiative.ca\/International\/wp-json\/wp\/v2\/posts"}],"about":[{"href":"https:\/\/linitiative.ca\/International\/wp-json\/wp\/v2\/types\/post"}],"author":[{"embeddable":true,"href":"https:\/\/linitiative.ca\/International\/wp-json\/wp\/v2\/users\/1738"}],"replies":[{"embeddable":true,"href":"https:\/\/linitiative.ca\/International\/wp-json\/wp\/v2\/comments?post=119085"}],"version-history":[{"count":0,"href":"https:\/\/linitiative.ca\/International\/wp-json\/wp\/v2\/posts\/119085\/revisions"}],"wp:attachment":[{"href":"https:\/\/linitiative.ca\/International\/wp-json\/wp\/v2\/media?parent=119085"}],"wp:term":[{"taxonomy":"category","embeddable":true,"href":"https:\/\/linitiative.ca\/International\/wp-json\/wp\/v2\/categories?post=119085"},{"taxonomy":"post_tag","embeddable":true,"href":"https:\/\/linitiative.ca\/International\/wp-json\/wp\/v2\/tags?post=119085"}],"curies":[{"name":"wp","href":"https:\/\/api.w.org\/{rel}","templated":true}]}}