{"id":119090,"date":"2021-06-21T09:46:00","date_gmt":"2021-06-21T13:46:00","guid":{"rendered":"https:\/\/linitiative.ca\/International\/presentation-du-livre-la-tunisie-la-mediterranee-et-lorient-au-miroir-de-lhistoire-du-professeur-mohamed-aziz-ben-achour\/"},"modified":"2021-06-21T09:46:00","modified_gmt":"2021-06-21T13:46:00","slug":"presentation-du-livre-la-tunisie-la-mediterranee-et-lorient-au-miroir-de-lhistoire-du-professeur-mohamed-aziz-ben-achour","status":"publish","type":"post","link":"https:\/\/linitiative.ca\/International\/presentation-du-livre-la-tunisie-la-mediterranee-et-lorient-au-miroir-de-lhistoire-du-professeur-mohamed-aziz-ben-achour\/","title":{"rendered":"Pr\u00e9sentation du livre \u00ab\u00a0La Tunisie, la M\u00e9diterran\u00e9e et l&rsquo;Orient au miroir de l&rsquo;histoire\u00a0\u00bb du Professeur Mohamed Aziz Ben Achour"},"content":{"rendered":"<div><img decoding=\"async\" src=\"https:\/\/linitiative.ca\/International\/wp-content\/uploads\/sites\/23\/2021\/06\/1624281897_article.jpg\" alt='Pr\u00e9sentation du livre \"La Tunisie, la M\u00e9diterra\u00e9e et l' orient du professeur mohamed aziz ben achour align=\"left\">Aujourd\u2019hui, pr\u00e9sentation du livre \u00abLa Tunisie, la M\u00e9diterran\u00e9e et l\u2019Orient au miroir de l\u2019histoire\u00bb du Professeur Mohamed El Aziz Ben Achour \u00e0 la Foire nationale du livre tunisien.<br \/>\nLes visiteurs de\u00a0 la Foire nationale du livre tunisien sont invit\u00e9s ce lundi 21 Juin 2021 \u00e0 partir de 17 heures \u00e0 la s\u00e9ance de\u00a0 pr\u00e9sentation\u00a0 du livre \u00ab\u00a0La Tunisie, la M\u00e9diterran\u00e9e et l\u2019Orient au miroir de l&rsquo;histoire \u00bb du Professeur Mohamed Aziz Ben Achour.<br \/>\nC\u2019est le Professeur Abbes Mohsen qui proc\u00e8dera \u00e0 la pr\u00e9sentation qui aura lieu \u00e0 la cit\u00e9 de la Culture de Tunis dans le cadre de la\u00a03e \u00e9dition de la Foire nationale du livre tunisien qui se tient du 17 au 27 juin &#8230;<\/p>\n<\/div>\n<p>Auteur:<br \/>\n<a href=\"https:\/\/www.leaders.com.tn\/article\/32060-presentation-du-livre-la-tunisie-la-mediterraee-et-l-orient-du-professeur-mohamed-aziz-ben-achour\">Cliquez ici pour lire l&rsquo;article depuis sa source.<\/a><\/p>\n","protected":false},"excerpt":{"rendered":"<p>Aujourd\u2019hui, pr\u00e9sentation du livre \u00abLa Tunisie, la M\u00e9diterran\u00e9e et l\u2019Orient au miroir de l\u2019histoire\u00bb du Professeur Mohamed El Aziz Ben Achour \u00e0 la Foire nationale du livre tunisien. Les visiteurs de\u00a0 la Foire nationale du livre tunisien sont invit\u00e9s ce lundi 21 Juin 2021 \u00e0 partir de 17 heures \u00e0 la s\u00e9ance de\u00a0 pr\u00e9sentation\u00a0 du [&hellip;]<\/p>\n","protected":false},"author":1772,"featured_media":0,"comment_status":"closed","ping_status":"closed","sticky":false,"template":"","format":"standard","meta":{"fifu_image_url":"http:\/\/www.leaders.com.tn\/uploads\/content\/thumbnails_small\/1624281897_article.jpg","fifu_image_alt":"<div>Pr\u00e9sentation du livre \"La Tunisie, la M\u00e9diterran\u00e9e et l'Orient au miroir de l'histoire\" du Professeur Mohamed Aziz Ben Achour<\/div>","footnotes":""},"categories":[73,55],"tags":[],"class_list":["post-119090","post","type-post","status-publish","format-standard","hentry","category-actualite","category-tunisie"],"_links":{"self":[{"href":"https:\/\/linitiative.ca\/International\/wp-json\/wp\/v2\/posts\/119090","targetHints":{"allow":["GET"]}}],"collection":[{"href":"https:\/\/linitiative.ca\/International\/wp-json\/wp\/v2\/posts"}],"about":[{"href":"https:\/\/linitiative.ca\/International\/wp-json\/wp\/v2\/types\/post"}],"author":[{"embeddable":true,"href":"https:\/\/linitiative.ca\/International\/wp-json\/wp\/v2\/users\/1772"}],"replies":[{"embeddable":true,"href":"https:\/\/linitiative.ca\/International\/wp-json\/wp\/v2\/comments?post=119090"}],"version-history":[{"count":0,"href":"https:\/\/linitiative.ca\/International\/wp-json\/wp\/v2\/posts\/119090\/revisions"}],"wp:attachment":[{"href":"https:\/\/linitiative.ca\/International\/wp-json\/wp\/v2\/media?parent=119090"}],"wp:term":[{"taxonomy":"category","embeddable":true,"href":"https:\/\/linitiative.ca\/International\/wp-json\/wp\/v2\/categories?post=119090"},{"taxonomy":"post_tag","embeddable":true,"href":"https:\/\/linitiative.ca\/International\/wp-json\/wp\/v2\/tags?post=119090"}],"curies":[{"name":"wp","href":"https:\/\/api.w.org\/{rel}","templated":true}]}}