{"id":119094,"date":"2021-06-21T11:48:00","date_gmt":"2021-06-21T15:48:00","guid":{"rendered":"https:\/\/linitiative.ca\/International\/meuble-interieurs-la-totalite-des-benefices-distribuee-en-dividende-de-0230dt-par-action\/"},"modified":"2021-06-21T11:48:00","modified_gmt":"2021-06-21T15:48:00","slug":"meuble-interieurs-la-totalite-des-benefices-distribuee-en-dividende-de-0230dt-par-action","status":"publish","type":"post","link":"https:\/\/linitiative.ca\/International\/meuble-interieurs-la-totalite-des-benefices-distribuee-en-dividende-de-0230dt-par-action\/","title":{"rendered":"Meuble Int\u00e9rieurs : La totalit\u00e9 des b\u00e9n\u00e9fices distribu\u00e9e en dividende de 0,230dt par action"},"content":{"rendered":"<div><img decoding=\"async\" src=\"https:\/\/linitiative.ca\/International\/wp-content\/uploads\/sites\/23\/2021\/06\/1624286893_article.jpg\" alt=\"Meuble Int\u00e9rieurs : La totalit\u00e9 des b\u00e9n\u00e9fices distribu\u00e9e en dividende de 0,230dt par action\" align=\"left\">La soci\u00e9t\u00e9 Meuble Int\u00e9rieurs a tenu, vendredi 18 juin 2021, son Assembl\u00e9e G\u00e9n\u00e9rale Ordinaire (AGO) dans des circonstances exceptionnelles. En effet, pour respecter le protocole sanitaire impos\u00e9 par la pand\u00e9mie de la covid-19, l\u2019AGO s\u2019est tenu \u00e0 distance &#8211; en visioconf\u00e9rence &#8211; sur une plateforme cr\u00e9\u00e9e \u00e0 l\u2019occasion. Les actionnaires ont pu consulter tous les documents financiers au pr\u00e9alable et ont eu un bulletin de vote \u00e0 remplir avant l\u2019assembl\u00e9e.<br \/>\nApprouvant les \u00e9tats financiers, l\u2019Assembl\u00e9e G\u00e9n\u00e9rale Ordinaire a d\u00e9cid\u00e9 la distribution du montant de 1 279 176 DT repr\u00e9sentant la totalit\u00e9 des b\u00e9n\u00e9fices ; soit un dividende par action de 0,230 DT.<br \/>\nA &#8230;<\/p>\n<\/div>\n<p>Auteur:<br \/>\n<a href=\"https:\/\/www.leaders.com.tn\/article\/32065-meuble-interieurs-la-totalite-des-benefices-distribuee-en-dividende-de-0-230dt-par-action\">Cliquez ici pour lire l&rsquo;article depuis sa source.<\/a><\/p>\n","protected":false},"excerpt":{"rendered":"<p>La soci\u00e9t\u00e9 Meuble Int\u00e9rieurs a tenu, vendredi 18 juin 2021, son Assembl\u00e9e G\u00e9n\u00e9rale Ordinaire (AGO) dans des circonstances exceptionnelles. En effet, pour respecter le protocole sanitaire impos\u00e9 par la pand\u00e9mie de la covid-19, l\u2019AGO s\u2019est tenu \u00e0 distance &#8211; en visioconf\u00e9rence &#8211; sur une plateforme cr\u00e9\u00e9e \u00e0 l\u2019occasion. Les actionnaires ont pu consulter tous les [&hellip;]<\/p>\n","protected":false},"author":1772,"featured_media":0,"comment_status":"closed","ping_status":"closed","sticky":false,"template":"","format":"standard","meta":{"fifu_image_url":"http:\/\/www.leaders.com.tn\/uploads\/content\/thumbnails_small\/1624286893_article.jpg","fifu_image_alt":"Meuble Int\u00e9rieurs : La totalit\u00e9 des b\u00e9n\u00e9fices distribu\u00e9e en dividende de 0,230dt par action","footnotes":""},"categories":[73,55],"tags":[],"class_list":["post-119094","post","type-post","status-publish","format-standard","hentry","category-actualite","category-tunisie"],"_links":{"self":[{"href":"https:\/\/linitiative.ca\/International\/wp-json\/wp\/v2\/posts\/119094","targetHints":{"allow":["GET"]}}],"collection":[{"href":"https:\/\/linitiative.ca\/International\/wp-json\/wp\/v2\/posts"}],"about":[{"href":"https:\/\/linitiative.ca\/International\/wp-json\/wp\/v2\/types\/post"}],"author":[{"embeddable":true,"href":"https:\/\/linitiative.ca\/International\/wp-json\/wp\/v2\/users\/1772"}],"replies":[{"embeddable":true,"href":"https:\/\/linitiative.ca\/International\/wp-json\/wp\/v2\/comments?post=119094"}],"version-history":[{"count":0,"href":"https:\/\/linitiative.ca\/International\/wp-json\/wp\/v2\/posts\/119094\/revisions"}],"wp:attachment":[{"href":"https:\/\/linitiative.ca\/International\/wp-json\/wp\/v2\/media?parent=119094"}],"wp:term":[{"taxonomy":"category","embeddable":true,"href":"https:\/\/linitiative.ca\/International\/wp-json\/wp\/v2\/categories?post=119094"},{"taxonomy":"post_tag","embeddable":true,"href":"https:\/\/linitiative.ca\/International\/wp-json\/wp\/v2\/tags?post=119094"}],"curies":[{"name":"wp","href":"https:\/\/api.w.org\/{rel}","templated":true}]}}