{"id":119115,"date":"2021-06-21T17:21:43","date_gmt":"2021-06-21T21:21:43","guid":{"rendered":"https:\/\/linitiative.ca\/International\/tunisie-ministere-de-la-sante-decidement-ils-sont-irrecuperables\/"},"modified":"2021-06-21T17:21:43","modified_gmt":"2021-06-21T21:21:43","slug":"tunisie-ministere-de-la-sante-decidement-ils-sont-irrecuperables","status":"publish","type":"post","link":"https:\/\/linitiative.ca\/International\/tunisie-ministere-de-la-sante-decidement-ils-sont-irrecuperables\/","title":{"rendered":"Tunisie \u2013 Minist\u00e8re de la sant\u00e9\u00a0: D\u00e9cid\u00e9ment, ils sont irr\u00e9cup\u00e9rables\u00a0!"},"content":{"rendered":"<div>\n<p>Le minist\u00e8re de la sant\u00e9 vient de nous gratifier, ce soir, de sa derni\u00e8re bourde. Et il n\u2019est pr\u00e8s d\u2019avoir fini de nous \u00e9tonner et de nous d\u00e9cevoir. Alors que le pays tremble sous les affres de la pand\u00e9mie qui affole tous les compteurs. Les tunisiens \u00e9taient scotch\u00e9s \u00e0 leurs \u00e9crans, dans l\u2019attente du bulletin [\u2026]<\/p>\n<p>L\u2019article <a href=\"https:\/\/www.tunisienumerique.com\/tunisie-ministere-de-la-sante-decidement-ils-sont-irrecuperables\/\">Tunisie \u2013 Minist\u00e8re de la sant\u00e9\u00a0: D\u00e9cid\u00e9ment, ils sont irr\u00e9cup\u00e9rables\u00a0!<\/a> est apparu en premier sur <a href=\"https:\/\/www.tunisienumerique.com\/\">Tunisie<\/a>.<\/p>\n<\/div>\n<p>Auteur: Saber .<br \/>\n<a href=\"https:\/\/www.tunisienumerique.com\/tunisie-ministere-de-la-sante-decidement-ils-sont-irrecuperables\/\">Cliquez ici pour lire l&rsquo;article depuis sa source.<\/a><\/p>\n","protected":false},"excerpt":{"rendered":"<p>Le minist\u00e8re de la sant\u00e9 vient de nous gratifier, ce soir, de sa derni\u00e8re bourde. Et il n\u2019est pr\u00e8s d\u2019avoir fini de nous \u00e9tonner et de nous d\u00e9cevoir. Alors que le pays tremble sous les affres de la pand\u00e9mie qui affole tous les compteurs. Les tunisiens \u00e9taient scotch\u00e9s \u00e0 leurs \u00e9crans, dans l\u2019attente du bulletin [&hellip;]<\/p>\n","protected":false},"author":1789,"featured_media":0,"comment_status":"closed","ping_status":"closed","sticky":false,"template":"","format":"standard","meta":{"fifu_image_url":"","fifu_image_alt":"","footnotes":""},"categories":[73,55],"tags":[],"class_list":["post-119115","post","type-post","status-publish","format-standard","hentry","category-actualite","category-tunisie"],"_links":{"self":[{"href":"https:\/\/linitiative.ca\/International\/wp-json\/wp\/v2\/posts\/119115","targetHints":{"allow":["GET"]}}],"collection":[{"href":"https:\/\/linitiative.ca\/International\/wp-json\/wp\/v2\/posts"}],"about":[{"href":"https:\/\/linitiative.ca\/International\/wp-json\/wp\/v2\/types\/post"}],"author":[{"embeddable":true,"href":"https:\/\/linitiative.ca\/International\/wp-json\/wp\/v2\/users\/1789"}],"replies":[{"embeddable":true,"href":"https:\/\/linitiative.ca\/International\/wp-json\/wp\/v2\/comments?post=119115"}],"version-history":[{"count":0,"href":"https:\/\/linitiative.ca\/International\/wp-json\/wp\/v2\/posts\/119115\/revisions"}],"wp:attachment":[{"href":"https:\/\/linitiative.ca\/International\/wp-json\/wp\/v2\/media?parent=119115"}],"wp:term":[{"taxonomy":"category","embeddable":true,"href":"https:\/\/linitiative.ca\/International\/wp-json\/wp\/v2\/categories?post=119115"},{"taxonomy":"post_tag","embeddable":true,"href":"https:\/\/linitiative.ca\/International\/wp-json\/wp\/v2\/tags?post=119115"}],"curies":[{"name":"wp","href":"https:\/\/api.w.org\/{rel}","templated":true}]}}