{"id":119122,"date":"2021-06-21T16:05:23","date_gmt":"2021-06-21T20:05:23","guid":{"rendered":"https:\/\/linitiative.ca\/International\/echec-du-premier-round-du-dialogue-politique-au-burkina-faso\/"},"modified":"2021-06-21T16:05:23","modified_gmt":"2021-06-21T20:05:23","slug":"echec-du-premier-round-du-dialogue-politique-au-burkina-faso","status":"publish","type":"post","link":"https:\/\/linitiative.ca\/International\/echec-du-premier-round-du-dialogue-politique-au-burkina-faso\/","title":{"rendered":"ECHEC DU PREMIER ROUND DU DIALOGUE POLITIQUE AU BURKINA FASO"},"content":{"rendered":"<div>\n<p><img decoding=\"async\" width=\"592\" height=\"296\" src=\"https:\/\/linitiative.ca\/International\/wp-content\/uploads\/sites\/23\/2021\/06\/DIALOGUE.jpeg\" class=\"attachment- size- wp-post-image\" alt=\"\" loading=\"lazy\" style=\"float:left; margin:0 15px 15px 0;\" srcset=\"https:\/\/linitiative.ca\/International\/wp-content\/uploads\/sites\/23\/2021\/06\/DIALOGUE.jpeg 592w, https:\/\/lepays.bf\/wp-content\/uploads\/2021\/06\/DIALOGUE-300x150.jpeg 300w\" sizes=\"auto, (max-width: 592px) 100vw, 592px\">Le pr\u00e9sident du Faso a ouvert, le 17 juin dernier, le bal des discussions entre la Majorit\u00e9 pr\u00e9sidentielle et l\u2019Opposition, dans le cadre d\u2019un dialogue politique qui \u00ab\u00a0a pour objectif de rechercher des solutions endog\u00e8nes et p\u00e9rennes aux pr\u00e9occupations majeures qui s\u2019imposent\u00a0\u00bb. Quoi de plus n\u00e9cessaire, d\u2019obligatoire, devrait-on dire, dans un pays confront\u00e9 \u00e0 une \u2026<\/p>\n<p>L\u2019article <a rel=\"nofollow\" href=\"https:\/\/lepays.bf\/echec-du-premier-round-du-dialogue-politique-au-burkina-faso\/\">ECHEC DU PREMIER ROUND DU DIALOGUE POLITIQUE AU BURKINA FASO<\/a> est apparu en premier sur <a rel=\"nofollow\" href=\"https:\/\/lepays.bf\/\">Editions Le Pays<\/a>.<\/p>\n<\/div>\n<p>Auteur: Editions LEPAYS<br \/>\n<a href=\"https:\/\/lepays.bf\/echec-du-premier-round-du-dialogue-politique-au-burkina-faso\/\">Cliquez ici pour lire l&rsquo;article depuis sa source.<\/a><\/p>\n","protected":false},"excerpt":{"rendered":"<p>Le pr\u00e9sident du Faso a ouvert, le 17 juin dernier, le bal des discussions entre la Majorit\u00e9 pr\u00e9sidentielle et l\u2019Opposition, dans le cadre d\u2019un dialogue politique qui \u00ab\u00a0a pour objectif de rechercher des solutions endog\u00e8nes et p\u00e9rennes aux pr\u00e9occupations majeures qui s\u2019imposent\u00a0\u00bb. Quoi de plus n\u00e9cessaire, d\u2019obligatoire, devrait-on dire, dans un pays confront\u00e9 \u00e0 une [&hellip;]<\/p>\n","protected":false},"author":1813,"featured_media":0,"comment_status":"closed","ping_status":"closed","sticky":false,"template":"","format":"standard","meta":{"fifu_image_url":"https:\/\/lepays.bf\/wp-content\/uploads\/2021\/06\/DIALOGUE.jpeg","fifu_image_alt":"ECHEC DU PREMIER ROUND DU DIALOGUE POLITIQUE AU BURKINA FASO","footnotes":""},"categories":[73,81],"tags":[],"class_list":["post-119122","post","type-post","status-publish","format-standard","hentry","category-actualite","category-burkina-faso"],"_links":{"self":[{"href":"https:\/\/linitiative.ca\/International\/wp-json\/wp\/v2\/posts\/119122","targetHints":{"allow":["GET"]}}],"collection":[{"href":"https:\/\/linitiative.ca\/International\/wp-json\/wp\/v2\/posts"}],"about":[{"href":"https:\/\/linitiative.ca\/International\/wp-json\/wp\/v2\/types\/post"}],"author":[{"embeddable":true,"href":"https:\/\/linitiative.ca\/International\/wp-json\/wp\/v2\/users\/1813"}],"replies":[{"embeddable":true,"href":"https:\/\/linitiative.ca\/International\/wp-json\/wp\/v2\/comments?post=119122"}],"version-history":[{"count":0,"href":"https:\/\/linitiative.ca\/International\/wp-json\/wp\/v2\/posts\/119122\/revisions"}],"wp:attachment":[{"href":"https:\/\/linitiative.ca\/International\/wp-json\/wp\/v2\/media?parent=119122"}],"wp:term":[{"taxonomy":"category","embeddable":true,"href":"https:\/\/linitiative.ca\/International\/wp-json\/wp\/v2\/categories?post=119122"},{"taxonomy":"post_tag","embeddable":true,"href":"https:\/\/linitiative.ca\/International\/wp-json\/wp\/v2\/tags?post=119122"}],"curies":[{"name":"wp","href":"https:\/\/api.w.org\/{rel}","templated":true}]}}