{"id":119124,"date":"2021-06-21T16:09:47","date_gmt":"2021-06-21T20:09:47","guid":{"rendered":"https:\/\/linitiative.ca\/International\/attaque-contre-une-position-de-barkhane-au-mali\/"},"modified":"2021-06-21T16:09:47","modified_gmt":"2021-06-21T20:09:47","slug":"attaque-contre-une-position-de-barkhane-au-mali","status":"publish","type":"post","link":"https:\/\/linitiative.ca\/International\/attaque-contre-une-position-de-barkhane-au-mali\/","title":{"rendered":"ATTAQUE CONTRE UNE POSITION DE BARKHANE\u00a0 AU MALI"},"content":{"rendered":"<div>\n<p><img decoding=\"async\" width=\"1137\" height=\"636\" src=\"https:\/\/linitiative.ca\/International\/wp-content\/uploads\/sites\/23\/2021\/06\/lepaysresponsive.png\" class=\"attachment- default-featured-img\" alt=\"\" loading=\"lazy\" srcset=\"https:\/\/linitiative.ca\/International\/wp-content\/uploads\/sites\/23\/2021\/06\/lepaysresponsive.png 1137w, https:\/\/lepays.bf\/wp-content\/uploads\/2017\/07\/lepaysresponsive-300x168.png 300w, https:\/\/lepays.bf\/wp-content\/uploads\/2017\/07\/lepaysresponsive-768x430.png 768w, https:\/\/lepays.bf\/wp-content\/uploads\/2017\/07\/lepaysresponsive-1024x573.png 1024w\" sizes=\"auto, (max-width: 1137px) 100vw, 1137px\">Les forces fran\u00e7aises de l\u2019op\u00e9ration Barkhane ont \u00e9t\u00e9 la cible d\u2019une attaque au Sud de Gao au Mali, plus pr\u00e9cis\u00e9ment dans le quartier Ka\u00efgourou non loin du dispensaire Anne Marie Salomon. A ce qu\u2019on dit, c\u2019est un v\u00e9hicule pi\u00e9g\u00e9 qui s\u2019est lanc\u00e9 contre une position de Barkhane, blessant trois soldats. La r\u00e9action des troupes fran\u00e7aises \u2026<\/p>\n<p>L\u2019article <a rel=\"nofollow\" href=\"https:\/\/lepays.bf\/attaque-contre-une-position-de-barkhane-au-mali\/\">ATTAQUE CONTRE UNE POSITION DE BARKHANE\u00a0 AU MALI<\/a> est apparu en premier sur <a rel=\"nofollow\" href=\"https:\/\/lepays.bf\/\">Editions Le Pays<\/a>.<\/p>\n<\/div>\n<p>Auteur: Editions LEPAYS<br \/>\n<a href=\"https:\/\/lepays.bf\/attaque-contre-une-position-de-barkhane-au-mali\/\">Cliquez ici pour lire l&rsquo;article depuis sa source.<\/a><\/p>\n","protected":false},"excerpt":{"rendered":"<p>Les forces fran\u00e7aises de l\u2019op\u00e9ration Barkhane ont \u00e9t\u00e9 la cible d\u2019une attaque au Sud de Gao au Mali, plus pr\u00e9cis\u00e9ment dans le quartier Ka\u00efgourou non loin du dispensaire Anne Marie Salomon. A ce qu\u2019on dit, c\u2019est un v\u00e9hicule pi\u00e9g\u00e9 qui s\u2019est lanc\u00e9 contre une position de Barkhane, blessant trois soldats. La r\u00e9action des troupes fran\u00e7aises [&hellip;]<\/p>\n","protected":false},"author":1813,"featured_media":0,"comment_status":"closed","ping_status":"closed","sticky":false,"template":"","format":"standard","meta":{"fifu_image_url":"https:\/\/lepays.bf\/wp-content\/uploads\/2017\/07\/lepaysresponsive.png","fifu_image_alt":"ATTAQUE CONTRE UNE POSITION DE BARKHANE\u00a0 AU MALI","footnotes":""},"categories":[73,81],"tags":[],"class_list":["post-119124","post","type-post","status-publish","format-standard","hentry","category-actualite","category-burkina-faso"],"_links":{"self":[{"href":"https:\/\/linitiative.ca\/International\/wp-json\/wp\/v2\/posts\/119124","targetHints":{"allow":["GET"]}}],"collection":[{"href":"https:\/\/linitiative.ca\/International\/wp-json\/wp\/v2\/posts"}],"about":[{"href":"https:\/\/linitiative.ca\/International\/wp-json\/wp\/v2\/types\/post"}],"author":[{"embeddable":true,"href":"https:\/\/linitiative.ca\/International\/wp-json\/wp\/v2\/users\/1813"}],"replies":[{"embeddable":true,"href":"https:\/\/linitiative.ca\/International\/wp-json\/wp\/v2\/comments?post=119124"}],"version-history":[{"count":0,"href":"https:\/\/linitiative.ca\/International\/wp-json\/wp\/v2\/posts\/119124\/revisions"}],"wp:attachment":[{"href":"https:\/\/linitiative.ca\/International\/wp-json\/wp\/v2\/media?parent=119124"}],"wp:term":[{"taxonomy":"category","embeddable":true,"href":"https:\/\/linitiative.ca\/International\/wp-json\/wp\/v2\/categories?post=119124"},{"taxonomy":"post_tag","embeddable":true,"href":"https:\/\/linitiative.ca\/International\/wp-json\/wp\/v2\/tags?post=119124"}],"curies":[{"name":"wp","href":"https:\/\/api.w.org\/{rel}","templated":true}]}}