{"id":119126,"date":"2021-06-21T05:53:35","date_gmt":"2021-06-21T09:53:35","guid":{"rendered":"https:\/\/linitiative.ca\/International\/journee-mondiale-des-refugies-le-president-du-faso-echange-avec-angelina-jolie-sur-des-questions-humanitaires\/"},"modified":"2021-06-21T05:53:35","modified_gmt":"2021-06-21T09:53:35","slug":"journee-mondiale-des-refugies-le-president-du-faso-echange-avec-angelina-jolie-sur-des-questions-humanitaires","status":"publish","type":"post","link":"https:\/\/linitiative.ca\/International\/journee-mondiale-des-refugies-le-president-du-faso-echange-avec-angelina-jolie-sur-des-questions-humanitaires\/","title":{"rendered":"Journ\u00e9e mondiale des r\u00e9fugi\u00e9s : le pr\u00e9sident du Faso \u00e9change avec Angelina Jolie sur des questions humanitaires"},"content":{"rendered":"<div>\n<div class=\"kvgmc6g5 cxmmr5t8 oygrvhab hcukyx3x c1et5uql ii04i59q\">\n<div dir=\"auto\">Le pr\u00e9sident du Faso, Roch Marc Christian Kabor\u00e9 a re\u00e7u en audience ce soir, l\u2019envoy\u00e9e sp\u00e9ciale du Haut-commissaire des Nations unies pour les r\u00e9fugi\u00e9s, Angelina Jolie, actrice et r\u00e9alisatrice am\u00e9ricaine.<\/div>\n<\/div>\n<div class=\"o9v6fnle cxmmr5t8 oygrvhab hcukyx3x c1et5uql ii04i59q\">\n<div dir=\"auto\">Pr\u00e9sente au Burkina Faso dans le cadre de la c\u00e9l\u00e9bration de la Journ\u00e9e mondiale des r\u00e9fugi\u00e9s, qui se tient chaque 20 juin, Angelina Jolie a \u00e9chang\u00e9 avec le chef de l\u2019Etat sur des questions humanitaires, notamment les conditions de vie des r\u00e9fugi\u00e9s et des d\u00e9plac\u00e9s internes.<\/div>\n<div dir=\"auto\">Au cours de cette audience, elle a aussi \u00e9voqu\u00e9 avec le pr\u00e9sident du Faso, l\u2019essor du cin\u00e9ma burkinab\u00e8 et le rayonnement du FESPACO.<\/div>\n<\/div>\n<div class=\"o9v6fnle cxmmr5t8 oygrvhab hcukyx3x c1et5uql ii04i59q\">\n<div dir=\"auto\">Direction de la Communication de la pr\u00e9sidence du Faso<\/div>\n<\/div>\n<p>L\u2019article <a rel=\"nofollow\" href=\"https:\/\/www.sidwaya.info\/blog\/2021\/06\/21\/journee-mondiale-des-refugies-le-president-du-faso-echange-avec-angelina-jolie-sur-des-questions-humanitaires\/\">Journ\u00e9e mondiale des r\u00e9fugi\u00e9s : le pr\u00e9sident du Faso \u00e9change avec Angelina Jolie sur des questions humanitaires<\/a> est apparu en premier sur <a rel=\"nofollow\" href=\"https:\/\/www.sidwaya.info\/\">Quotidien Sidwaya<\/a>.<\/p>\n<\/div>\n<p>Auteur: Wamini SIDWAYA<br \/>\n<a href=\"https:\/\/www.sidwaya.info\/blog\/2021\/06\/21\/journee-mondiale-des-refugies-le-president-du-faso-echange-avec-angelina-jolie-sur-des-questions-humanitaires\/\">Cliquez ici pour lire l&rsquo;article depuis sa source.<\/a><\/p>\n","protected":false},"excerpt":{"rendered":"<p>Le pr\u00e9sident du Faso, Roch Marc Christian Kabor\u00e9 a re\u00e7u en audience ce soir, l\u2019envoy\u00e9e sp\u00e9ciale du Haut-commissaire des Nations unies pour les r\u00e9fugi\u00e9s, Angelina Jolie, actrice et r\u00e9alisatrice am\u00e9ricaine. Pr\u00e9sente au Burkina Faso dans le cadre de la c\u00e9l\u00e9bration de la Journ\u00e9e mondiale des r\u00e9fugi\u00e9s, qui se tient chaque 20 juin, Angelina Jolie a [&hellip;]<\/p>\n","protected":false},"author":1816,"featured_media":0,"comment_status":"closed","ping_status":"closed","sticky":false,"template":"","format":"standard","meta":{"fifu_image_url":"","fifu_image_alt":"","footnotes":""},"categories":[73,81],"tags":[],"class_list":["post-119126","post","type-post","status-publish","format-standard","hentry","category-actualite","category-burkina-faso"],"_links":{"self":[{"href":"https:\/\/linitiative.ca\/International\/wp-json\/wp\/v2\/posts\/119126","targetHints":{"allow":["GET"]}}],"collection":[{"href":"https:\/\/linitiative.ca\/International\/wp-json\/wp\/v2\/posts"}],"about":[{"href":"https:\/\/linitiative.ca\/International\/wp-json\/wp\/v2\/types\/post"}],"author":[{"embeddable":true,"href":"https:\/\/linitiative.ca\/International\/wp-json\/wp\/v2\/users\/1816"}],"replies":[{"embeddable":true,"href":"https:\/\/linitiative.ca\/International\/wp-json\/wp\/v2\/comments?post=119126"}],"version-history":[{"count":0,"href":"https:\/\/linitiative.ca\/International\/wp-json\/wp\/v2\/posts\/119126\/revisions"}],"wp:attachment":[{"href":"https:\/\/linitiative.ca\/International\/wp-json\/wp\/v2\/media?parent=119126"}],"wp:term":[{"taxonomy":"category","embeddable":true,"href":"https:\/\/linitiative.ca\/International\/wp-json\/wp\/v2\/categories?post=119126"},{"taxonomy":"post_tag","embeddable":true,"href":"https:\/\/linitiative.ca\/International\/wp-json\/wp\/v2\/tags?post=119126"}],"curies":[{"name":"wp","href":"https:\/\/api.w.org\/{rel}","templated":true}]}}