{"id":119128,"date":"2021-06-21T10:50:07","date_gmt":"2021-06-21T14:50:07","guid":{"rendered":"https:\/\/linitiative.ca\/International\/examens-du-cep-du-bepc-du-cap-et-du-bep-le-message-du-ministre-stanislas-ouaro\/"},"modified":"2021-06-21T10:50:07","modified_gmt":"2021-06-21T14:50:07","slug":"examens-du-cep-du-bepc-du-cap-et-du-bep-le-message-du-ministre-stanislas-ouaro","status":"publish","type":"post","link":"https:\/\/linitiative.ca\/International\/examens-du-cep-du-bepc-du-cap-et-du-bep-le-message-du-ministre-stanislas-ouaro\/","title":{"rendered":"Examens du CEP, du BEPC, du CAP et du BEP : le message du ministre Stanislas Ouaro"},"content":{"rendered":"<div>\n<div>\n<div class=\"\" dir=\"auto\">\n<div id=\"jsc_c_2bj\" class=\"ecm0bbzt hv4rvrfc ihqw7lf3 dati1w0a\" data-ad-comet-preview=\"message\" data-ad-preview=\"message\">\n<div class=\"j83agx80 cbu4d94t ew0dbk1b irj2b8pg\">\n<div class=\"qzhwtbm6 knvmm38d\">\n<div class=\"o9v6fnle cxmmr5t8 oygrvhab hcukyx3x c1et5uql ii04i59q\">\n<div dir=\"auto\">Je voudrais saisir l\u2019occasion du d\u00e9but des \u00e9preuves \u00e9crites des examens du CEP, du CAP, du BEPC et du BEP ce 22 juin 2021, pour souhaiter un bon d\u00e9roulement de la session de 2021 et plein succ\u00e8s aux 769 629 candidats r\u00e9partis sur l\u2019ensemble du pays.<\/div>\n<\/div>\n<div class=\"o9v6fnle cxmmr5t8 oygrvhab hcukyx3x c1et5uql ii04i59q\">\n<div dir=\"auto\">En effet:<\/div>\n<div dir=\"auto\">Au Certificat d\u2019\u00c9tudes Primaires (CEP), il y a \u00e0 cette session de 2021 450 502 inscrits avec 54% de filles contre 441 027 candidats la session pr\u00e9c\u00e9dente d\u2019o\u00f9, un accroissement de 02,15%.<\/div>\n<\/div>\n<div class=\"o9v6fnle cxmmr5t8 oygrvhab hcukyx3x c1et5uql ii04i59q\">\n<div dir=\"auto\">Au Brevet d\u2019\u00c9tudes du Premier Cycle (BEPC), les inscrits \u00e0 la session de 2021 sont au nombre de 301 357 dont 55,99% de filles. On note une r\u00e9gression par rapport \u00e0 2020 ou on avait enregistr\u00e9 317 466 candidats inscrits soit une baisse de 05,07% (repr\u00e9sentant 16 109 candidats en moins).<\/div>\n<\/div>\n<div class=\"o9v6fnle cxmmr5t8 oygrvhab hcukyx3x c1et5uql ii04i59q\">\n<div dir=\"auto\">Aux examens de l\u2019Enseignement et la Formation Techniques et Professionnels (EFTP), Brevet d\u2019Etudes Professionnelles (BEP) et Certificat d\u2019Aptitude Professionnelle(CAP), il y a 17770 inscrits \u00e0 cette session (avec 37,95% filles et 62,05% de gar\u00e7ons) contre 15 409 la session pr\u00e9c\u00e9dente. On note donc un accroissement de 15,31% par rapport \u00e0 la session pr\u00e9c\u00e9dente.<\/div>\n<div dir=\"auto\">Les candidats qui se pr\u00e9sentent au BEP sont au nombre 10762 (soit 60,56%) contre 7008 (Soit 39,44%) au CAP.<\/div>\n<\/div>\n<div class=\"o9v6fnle cxmmr5t8 oygrvhab hcukyx3x c1et5uql ii04i59q\">\n<div dir=\"auto\">Cette ann\u00e9e encore, ces examens scolaires se d\u00e9rouleront dans un contexte de crise s\u00e9curitaire li\u00e9e aux attaques terroristes et de crise sanitaire li\u00e9e \u00e0 la pand\u00e9mie de la covid-19.<\/div>\n<\/div>\n<div class=\"o9v6fnle cxmmr5t8 oygrvhab hcukyx3x c1et5uql ii04i59q\">\n<div dir=\"auto\">Je voudrais donc saluer l\u2019engagement de tous les acteurs et partenaires de l\u2019\u00e9ducation qui nous permet d\u2019organiser lesdits examens malgr\u00e9 ce contexte difficile. Les personnels administratifs, les enseignants, les \u00e9l\u00e8ves, les parents d\u2019\u00e9l\u00e8ves, les organisations syndicales, les leaders coutumiers et religieux, tous ensemble, nous avons d\u00e9montr\u00e9 une fois de plus que le Burkina Faso continuera de rester debout et d\u2019avancer malgr\u00e9 l\u2019adversit\u00e9. Aussi, je fais une mention sp\u00e9ciale aux Forces de D\u00e9fense et de S\u00e9curit\u00e9 (FDS) pour l\u2019accompagnement dans la s\u00e9curisation desdits examens.<\/div>\n<\/div>\n<div class=\"o9v6fnle cxmmr5t8 oygrvhab hcukyx3x c1et5uql ii04i59q\">\n<div dir=\"auto\">Pour cette session, un nouveau logiciel \u00ab Syst\u00e8me Int\u00e9gr\u00e9 de Gestion des Examens et Concours, (SIGEC) \u00bb sera d\u00e9ploy\u00e9 sur 4 sites pilotes (les r\u00e9gions du Centre, de la Boucle du Mouhoun, du Centre Nord, et des Cascades). Cette nouvelle application prend en charge tout le processus allant des inscriptions jusqu\u2019\u00e0 la d\u00e9livrance des dipl\u00f4mes.<\/div>\n<\/div>\n<div class=\"o9v6fnle cxmmr5t8 oygrvhab hcukyx3x c1et5uql ii04i59q\">\n<div dir=\"auto\">Mes sinc\u00e8res f\u00e9licitations et remerciements \u00e0 toutes et \u00e0 tous, \u00e0 chacune et \u00e0 chacun.<\/div>\n<\/div>\n<div class=\"o9v6fnle cxmmr5t8 oygrvhab hcukyx3x c1et5uql ii04i59q\">\n<div dir=\"auto\">Pour cette session de 2021, l\u2019enveloppe financi\u00e8re allou\u00e9e par le Budget de l\u2019Etat aux examens de la session de 2021 s\u2019\u00e9l\u00e8ve \u00e0 16 826 673 000 F CFA avec un montant de 15 778 947 000 FCFA transf\u00e9r\u00e9 directement aux directions r\u00e9gionales et provinciales et un montant de 1 047 726 000 FCFA \u00e0 la Direction g\u00e9n\u00e9rale des Examens et Concours.<\/div>\n<\/div>\n<div class=\"o9v6fnle cxmmr5t8 oygrvhab hcukyx3x c1et5uql ii04i59q\">\n<div dir=\"auto\">J\u2019en appelle une fois de plus \u00e0 la mobilisation de toutes et de tous pour la r\u00e9ussite de ces examens scolaires. Ces \u00e9valuations qui sanctionnent un parcours de plusieurs ann\u00e9es d\u2019\u00e9tudes permettent le passage d\u2019un cycle d\u2019enseignement \u00e0 un autre. C\u2019est dire combien la bonne organisation et les r\u00e9sultats desdits examens sont importants pour la cr\u00e9dibilit\u00e9 de notre syst\u00e8me \u00e9ducatif. C\u2019est pourquoi, malgr\u00e9 les contraintes budg\u00e9taires occasionn\u00e9es par les crises s\u00e9curitaire et sanitaire, le Gouvernement ne m\u00e9nage donc aucun effort pour mobiliser les ressources humaines, mat\u00e9rielles et financi\u00e8res pour relever le d\u00e9fi de son organisation.<\/div>\n<\/div>\n<div class=\"o9v6fnle cxmmr5t8 oygrvhab hcukyx3x c1et5uql ii04i59q\">\n<div dir=\"auto\">A tous les acteurs impliqu\u00e9s dans l\u2019organisation des examens, je voudrais pouvoir compter sur les qualit\u00e9s dont vous avez fait montre de par le pass\u00e9 que sont la probit\u00e9, le sens des responsabilit\u00e9s et la vigilance, pour une fois de plus organiser une session irr\u00e9prochable.<\/div>\n<\/div>\n<div class=\"o9v6fnle cxmmr5t8 oygrvhab hcukyx3x c1et5uql ii04i59q\">\n<div dir=\"auto\">J\u2019ai une pens\u00e9e particuli\u00e8re pour tous les \u00e9l\u00e8ves d\u00e9plac\u00e9s et pour tous ceux qui malgr\u00e9 les conditions s\u00e9curitaires et climatiques difficiles bravent les menaces et les intemp\u00e9ries pour permettre \u00e0 l\u2019\u00e9cole burkinab\u00e8 d\u2019\u00eatre r\u00e9siliente et performante.<\/div>\n<\/div>\n<div class=\"o9v6fnle cxmmr5t8 oygrvhab hcukyx3x c1et5uql ii04i59q\">\n<div dir=\"auto\">Je voudrais que l\u2019on garde le souvenir de la disparition tragique de nos compatriotes lors d\u2019une mission de supervision des examens scolaires de la session de 2020 \u00e0 Boudry dans la province du Ganzourgou.<\/div>\n<\/div>\n<div class=\"o9v6fnle cxmmr5t8 oygrvhab hcukyx3x c1et5uql ii04i59q\">\n<div dir=\"auto\">J\u2019ai \u00e9galement une pens\u00e9e pieuse \u00e0 l\u2019endroit de toutes les victimes du terrorisme, de la pand\u00e9mie de la COVID-19 et \u00e0 l\u2019endroit de tous ceux qui ont \u00e9t\u00e9 arrach\u00e9s \u00e0 notre affection durant cette ann\u00e9e scolaire 2020-2021.<\/div>\n<\/div>\n<div class=\"o9v6fnle cxmmr5t8 oygrvhab hcukyx3x c1et5uql ii04i59q\">\n<div dir=\"auto\">Ch\u00e8res candidates, chers candidats,<\/div>\n<\/div>\n<div class=\"o9v6fnle cxmmr5t8 oygrvhab hcukyx3x c1et5uql ii04i59q\">\n<div dir=\"auto\">De vous, j\u2019attends un comportement responsable pendant le d\u00e9roulement des examens. Soyez ponctuels, pond\u00e9r\u00e9s, attentifs, disciplin\u00e9s et honn\u00eates. C\u2019est ainsi que vous allez vous montrer \u00e0 la hauteur des grandes esp\u00e9rances que vos parents, vos enseignants et la nation toute enti\u00e8re placent en vous.<\/div>\n<\/div>\n<div class=\"o9v6fnle cxmmr5t8 oygrvhab hcukyx3x c1et5uql ii04i59q\">\n<div dir=\"auto\">Ayez confiance en vous et donnez le meilleur de vous-m\u00eame. Moi j\u2019ai confiance en vous chers \u00e9l\u00e8ves et je suis persuad\u00e9 que vous ferez de bons r\u00e9sultats \u00e0 ces examens.<\/div>\n<\/div>\n<div class=\"o9v6fnle cxmmr5t8 oygrvhab hcukyx3x c1et5uql ii04i59q\">\n<div dir=\"auto\">A toutes et \u00e0 tous, je souhaite une bonne session 2021. Aux candidates et aux candidats, mes v\u0153ux sinc\u00e8res de succ\u00e8s vous accompagnent.<\/div>\n<\/div>\n<div class=\"o9v6fnle cxmmr5t8 oygrvhab hcukyx3x c1et5uql ii04i59q\">\n<div dir=\"auto\">Vive l\u2019\u00e9cole burkinab\u00e8 !<\/div>\n<\/div>\n<div class=\"o9v6fnle cxmmr5t8 oygrvhab hcukyx3x c1et5uql ii04i59q\">\n<div dir=\"auto\">Que Dieu b\u00e9nisse le Burkina Faso !<\/div>\n<\/div>\n<div class=\"o9v6fnle cxmmr5t8 oygrvhab hcukyx3x c1et5uql ii04i59q\">\n<div dir=\"auto\">Pr Stanislas Ouaro<\/div>\n<\/div>\n<div class=\"o9v6fnle cxmmr5t8 oygrvhab hcukyx3x c1et5uql ii04i59q\">\n<div dir=\"auto\">DCPM\/MENAPLN.<\/div>\n<\/div>\n<\/div>\n<\/div>\n<\/div>\n<\/div>\n<div id=\"jsc_c_2bk\" class=\"l9j0dhe7\">\n<div class=\"l9j0dhe7\">\n<div class=\"bp9cbjyn cwj9ozl2 j83agx80 cbu4d94t ni8dbmo4 stjgntxs l9j0dhe7 k4urcfbm\">\n<div class=\"do00u71z ni8dbmo4 stjgntxs l9j0dhe7\">\n<div class=\"pmk7jnqg kr520xx4\"><\/div>\n<\/div>\n<\/div>\n<div class=\"linmgsc8 opwvks06 i09qtzwb n7fi1qx3 hzruof5a pmk7jnqg j9ispegn kr520xx4\"><\/div>\n<div class=\"n00je7tq arfg74bv qs9ysxi8 k77z8yql i09qtzwb n7fi1qx3 b5wmifdl hzruof5a pmk7jnqg j9ispegn kr520xx4 c5ndavph art1omkt ot9fgl3s\" data-visualcompletion=\"ignore\"><\/div>\n<\/div>\n<div class=\"stjgntxs ni8dbmo4\"><\/div>\n<\/div>\n<\/div>\n<div>\n<div class=\"stjgntxs ni8dbmo4 l82x9zwi uo3d90p7 h905i5nu monazrh9\" data-visualcompletion=\"ignore-dynamic\">\n<div>\n<div>\n<div>\n<div class=\"l9j0dhe7\">\n<div class=\"bp9cbjyn m9osqain j83agx80 jq4qci2q bkfpd7mw a3bd9o3v kvgmc6g5 wkznzc2l oygrvhab dhix69tm jktsbyx5 rz4wbd8a osnr6wyh a8nywdso s1tcr66n\">\n<div class=\"bp9cbjyn j83agx80 buofh1pr\">\n<div class=\"oajrlxb2 gs1a9yip g5ia77u1 mtkw9kbi tlpljxtp qensuy8j ppp5ayq2 goun2846 ccm00jje s44p3ltw mk2mc5f4 rt8b4zig n8ej3o3l agehan2d sk4xxmp2 rq0escxv nhd2j8a9 pq6dq46d mg4g778l btwxx1t3 pfnyh3mw p7hjln8o kvgmc6g5 cxmmr5t8 oygrvhab hcukyx3x tgvbjcpo hpfvmrgz jb3vyjys rz4wbd8a qt6c0cv9 a8nywdso l9j0dhe7 i1ao9s8h esuyzwwr f1sip0of du4w35lb lzcic4wl abiwlrkh p8dawk7l\" role=\"button\" aria-label=\"J\u2019aime\u00a0: 45 personnes\">&lt;img class=\u00a0\u00bbj1lvzwm4&Prime; src=\u00a0\u00bbdata:;base64, \t\u00a0\u00bb width=\u00a0\u00bb18\u2033 height=\u00a0\u00bb18\u2033 \/&gt;<\/div>\n<div class=\"\"><\/div>\n<\/div>\n<\/div>\n<\/div>\n<div class=\"tvfksri0 ozuftl9m\">\n<div class=\"rq0escxv l9j0dhe7 du4w35lb j83agx80 pfnyh3mw i1fnvgqd gs1a9yip owycx6da btwxx1t3 ph5uu5jm b3onmgus e5nlhep0 ecm0bbzt nkwizq5d roh60bw9 mysgfdmx hddg9phg\">\n<div class=\"rq0escxv l9j0dhe7 du4w35lb j83agx80 cbu4d94t g5gj957u d2edcug0 hpfvmrgz rj1gh0hx buofh1pr n8tt0mok hyh9befq iuny7tx3 ipjc6fyt\">\n<div class=\"oajrlxb2 gs1a9yip g5ia77u1 mtkw9kbi tlpljxtp qensuy8j ppp5ayq2 goun2846 ccm00jje s44p3ltw mk2mc5f4 rt8b4zig n8ej3o3l agehan2d sk4xxmp2 rq0escxv nhd2j8a9 pq6dq46d mg4g778l btwxx1t3 pfnyh3mw p7hjln8o kvgmc6g5 cxmmr5t8 oygrvhab hcukyx3x tgvbjcpo hpfvmrgz jb3vyjys rz4wbd8a qt6c0cv9 a8nywdso l9j0dhe7 i1ao9s8h esuyzwwr f1sip0of du4w35lb lzcic4wl abiwlrkh p8dawk7l\" role=\"button\" aria-label=\"Envoyez ceci \u00e0 vos amis ou publiez-le sur votre journal.\">\n<div class=\"n00je7tq arfg74bv qs9ysxi8 k77z8yql i09qtzwb n7fi1qx3 b5wmifdl hzruof5a pmk7jnqg j9ispegn kr520xx4 c5ndavph art1omkt ot9fgl3s\" data-visualcompletion=\"ignore\"><\/div>\n<\/div>\n<\/div>\n<\/div>\n<\/div>\n<\/div>\n<\/div>\n<div class=\"cwj9ozl2 tvmbv18p\"><\/div>\n<\/div>\n<\/div>\n<\/div>\n<p>L\u2019article <a rel=\"nofollow\" href=\"https:\/\/www.sidwaya.info\/blog\/2021\/06\/21\/examens-du-cep-du-bepc-du-cap-et-du-bep-le-message-du-ministre-stanislas-ouaro\/\">Examens du CEP, du BEPC, du CAP et du BEP : le message du ministre Stanislas Ouaro<\/a> est apparu en premier sur <a rel=\"nofollow\" href=\"https:\/\/www.sidwaya.info\/\">Quotidien Sidwaya<\/a>.<\/p>\n<\/div>\n<p>Auteur: BS. Sidwaya<br \/>\n<a href=\"https:\/\/www.sidwaya.info\/blog\/2021\/06\/21\/examens-du-cep-du-bepc-du-cap-et-du-bep-le-message-du-ministre-stanislas-ouaro\/\">Cliquez ici pour lire l&rsquo;article depuis sa source.<\/a><\/p>\n","protected":false},"excerpt":{"rendered":"<p>Je voudrais saisir l\u2019occasion du d\u00e9but des \u00e9preuves \u00e9crites des examens du CEP, du CAP, du BEPC et du BEP ce 22 juin 2021, pour souhaiter un bon d\u00e9roulement de la session de 2021 et plein succ\u00e8s aux 769 629 candidats r\u00e9partis sur l\u2019ensemble du pays. En effet: Au Certificat d\u2019\u00c9tudes Primaires (CEP), il y [&hellip;]<\/p>\n","protected":false},"author":1816,"featured_media":0,"comment_status":"closed","ping_status":"closed","sticky":false,"template":"","format":"standard","meta":{"fifu_image_url":"","fifu_image_alt":"","footnotes":""},"categories":[73,81],"tags":[],"class_list":["post-119128","post","type-post","status-publish","format-standard","hentry","category-actualite","category-burkina-faso"],"_links":{"self":[{"href":"https:\/\/linitiative.ca\/International\/wp-json\/wp\/v2\/posts\/119128","targetHints":{"allow":["GET"]}}],"collection":[{"href":"https:\/\/linitiative.ca\/International\/wp-json\/wp\/v2\/posts"}],"about":[{"href":"https:\/\/linitiative.ca\/International\/wp-json\/wp\/v2\/types\/post"}],"author":[{"embeddable":true,"href":"https:\/\/linitiative.ca\/International\/wp-json\/wp\/v2\/users\/1816"}],"replies":[{"embeddable":true,"href":"https:\/\/linitiative.ca\/International\/wp-json\/wp\/v2\/comments?post=119128"}],"version-history":[{"count":0,"href":"https:\/\/linitiative.ca\/International\/wp-json\/wp\/v2\/posts\/119128\/revisions"}],"wp:attachment":[{"href":"https:\/\/linitiative.ca\/International\/wp-json\/wp\/v2\/media?parent=119128"}],"wp:term":[{"taxonomy":"category","embeddable":true,"href":"https:\/\/linitiative.ca\/International\/wp-json\/wp\/v2\/categories?post=119128"},{"taxonomy":"post_tag","embeddable":true,"href":"https:\/\/linitiative.ca\/International\/wp-json\/wp\/v2\/tags?post=119128"}],"curies":[{"name":"wp","href":"https:\/\/api.w.org\/{rel}","templated":true}]}}