{"id":119133,"date":"2021-06-21T14:18:03","date_gmt":"2021-06-21T18:18:03","guid":{"rendered":"https:\/\/linitiative.ca\/International\/les-ethiopiens-aux-urnes-sur-fond-de-violences\/"},"modified":"2021-06-21T14:18:03","modified_gmt":"2021-06-21T18:18:03","slug":"les-ethiopiens-aux-urnes-sur-fond-de-violences","status":"publish","type":"post","link":"https:\/\/linitiative.ca\/International\/les-ethiopiens-aux-urnes-sur-fond-de-violences\/","title":{"rendered":"Les \u00c9thiopiens aux urnes sur fond de violences"},"content":{"rendered":"<div>\n<p><img loading=\"lazy\" decoding=\"async\" width=\"250\" height=\"200\" src=\"https:\/\/linitiative.ca\/International\/wp-content\/uploads\/sites\/23\/2021\/06\/16242994835462.jpg\" class=\"attachment-post-thumbnail size-post-thumbnail wp-post-image\" alt=\"\"><\/p>\n<p>Des millions d&rsquo;\u00e9lecteurs \u00e9thiopiens votent ce lundi 21 juin 2021, dans un contexte de violences cycliques notamment au Tigr\u00e9.Il s&rsquo;agit des premi\u00e8res \u00e9lections depuis l&rsquo;entr\u00e9e en fonction du Premier ministre Abiy Ahmed en 2018.<\/p>\n<p>La p\u00e9riode pr\u00e9c\u00e9dant le scrutin a \u00e9t\u00e9 marqu\u00e9e par le conflit au Tigr\u00e9, o\u00f9 les troupes f\u00e9d\u00e9rales sont accus\u00e9es de violations des droits de l&rsquo;Homme depuis le d\u00e9but des troubles en novembre dernier.<\/p>\n<p>Le scrutin a \u00e9t\u00e9 retard\u00e9 jusqu&rsquo;\u00e0 une heure alors que les responsables \u00e9lectoraux attendaient les repr\u00e9sentants des candidats dans certains bureaux de vote.<\/p>\n<p>Le Code \u00e9lectoral \u00e9thiopien exige que les repr\u00e9sentants de tous les candidats soient pr\u00e9sents dans les bureaux de vote avant que le scrutin ne puisse commencer.<\/p>\n<p>Bien que les \u00e9lections aient lieu apr\u00e8s avoir \u00e9t\u00e9 report\u00e9es deux fois en raison du coronavirus, l&rsquo;\u00c9thiopie reste en proie \u00e0 une crise int\u00e9rieure complexe de nature politique et sociale.<\/p>\n<p>L&rsquo;exercice est consid\u00e9r\u00e9 comme un test crucial pour le poste de Premier ministre d&rsquo;Abiy Ahmed, consid\u00e9rant les d\u00e9fis auxquels est confront\u00e9 le laur\u00e9at du prix Nobel.<\/p>\n<p>En raison du conflit en cours au Tigr\u00e9, les \u00e9lections dans la r\u00e9gion d\u00e9chir\u00e9e par la guerre ont \u00e9t\u00e9 report\u00e9es, tandis qu&rsquo;un climat d&rsquo;ins\u00e9curit\u00e9 a incit\u00e9 les autorit\u00e9s \u00e0 suspendre le vote dans d&rsquo;autres circonscriptions \u00e0 travers le pays. L&rsquo;inscription des \u00e9lecteurs dans certains points chauds n&rsquo;a pas pu avoir lieu.<\/p>\n<p>Le vote ne peut avoir lieu dans la r\u00e9gion d&rsquo;Oromia et dans certaines parties de la r\u00e9gion d&rsquo;Amhara, a d\u00e9clar\u00e9 Soleyana Shimeles, porte-parole du Conseil \u00e9lectoral national d&rsquo;\u00c9thiopie (NEBE).<\/p>\n<p>Dans une d\u00e9claration faite quelques jours avant le scrutin, l&rsquo;Union europ\u00e9enne s&rsquo;est dite pr\u00e9occup\u00e9e par la violence qui s\u00e9vit dans le pays, les violations des droits de l&rsquo;homme et les tensions politiques, le harc\u00e8lement des professionnels des m\u00e9dias et la d\u00e9tention de membres de l&rsquo;opposition.<\/p>\n<p>L&rsquo;UE a exhort\u00e9 les autorit\u00e9s f\u00e9d\u00e9rales, locales et r\u00e9gionales \u00e0 assurer un processus transparent et s\u00fbr, garantissant la participation libre et \u00e9gale de tous les partis politiques et candidats.<\/p>\n<p>Cet article <a rel=\"nofollow\" href=\"https:\/\/www.journalducameroun.com\/les-ethiopiens-aux-urnes-sur-fond-de-violences\/\">Les \u00c9thiopiens aux urnes sur fond de violences<\/a> est apparu en premier sur <a rel=\"nofollow\" href=\"https:\/\/www.journalducameroun.com\/\">Journal du Cameroun<\/a>.<\/p>\n<\/div>\n<p>Auteur: APA News<br \/>\n<a href=\"https:\/\/www.journalducameroun.com\/les-ethiopiens-aux-urnes-sur-fond-de-violences\/\">Cliquez ici pour lire l&rsquo;article depuis sa source.<\/a><\/p>\n","protected":false},"excerpt":{"rendered":"<p>Des millions d&rsquo;\u00e9lecteurs \u00e9thiopiens votent ce lundi 21 juin 2021, dans un contexte de violences cycliques notamment au Tigr\u00e9.Il s&rsquo;agit des premi\u00e8res \u00e9lections depuis l&rsquo;entr\u00e9e en fonction du Premier ministre Abiy Ahmed en 2018. La p\u00e9riode pr\u00e9c\u00e9dant le scrutin a \u00e9t\u00e9 marqu\u00e9e par le conflit au Tigr\u00e9, o\u00f9 les troupes f\u00e9d\u00e9rales sont accus\u00e9es de violations [&hellip;]<\/p>\n","protected":false},"author":1965,"featured_media":0,"comment_status":"closed","ping_status":"closed","sticky":false,"template":"","format":"standard","meta":{"fifu_image_url":"https:\/\/www.journalducameroun.com\/wp-content\/uploads\/2021\/06\/16242994835462.jpg","fifu_image_alt":"Les \u00c9thiopiens aux urnes sur fond de violences","footnotes":""},"categories":[73,82],"tags":[],"class_list":["post-119133","post","type-post","status-publish","format-standard","hentry","category-actualite","category-cameroun"],"_links":{"self":[{"href":"https:\/\/linitiative.ca\/International\/wp-json\/wp\/v2\/posts\/119133","targetHints":{"allow":["GET"]}}],"collection":[{"href":"https:\/\/linitiative.ca\/International\/wp-json\/wp\/v2\/posts"}],"about":[{"href":"https:\/\/linitiative.ca\/International\/wp-json\/wp\/v2\/types\/post"}],"author":[{"embeddable":true,"href":"https:\/\/linitiative.ca\/International\/wp-json\/wp\/v2\/users\/1965"}],"replies":[{"embeddable":true,"href":"https:\/\/linitiative.ca\/International\/wp-json\/wp\/v2\/comments?post=119133"}],"version-history":[{"count":0,"href":"https:\/\/linitiative.ca\/International\/wp-json\/wp\/v2\/posts\/119133\/revisions"}],"wp:attachment":[{"href":"https:\/\/linitiative.ca\/International\/wp-json\/wp\/v2\/media?parent=119133"}],"wp:term":[{"taxonomy":"category","embeddable":true,"href":"https:\/\/linitiative.ca\/International\/wp-json\/wp\/v2\/categories?post=119133"},{"taxonomy":"post_tag","embeddable":true,"href":"https:\/\/linitiative.ca\/International\/wp-json\/wp\/v2\/tags?post=119133"}],"curies":[{"name":"wp","href":"https:\/\/api.w.org\/{rel}","templated":true}]}}