{"id":119135,"date":"2021-06-21T14:18:03","date_gmt":"2021-06-21T18:18:03","guid":{"rendered":"https:\/\/linitiative.ca\/International\/inauguration-a-lome-du-siege-ouest-africain-de-african-guarantee-fund\/"},"modified":"2021-06-21T14:18:03","modified_gmt":"2021-06-21T18:18:03","slug":"inauguration-a-lome-du-siege-ouest-africain-de-african-guarantee-fund","status":"publish","type":"post","link":"https:\/\/linitiative.ca\/International\/inauguration-a-lome-du-siege-ouest-africain-de-african-guarantee-fund\/","title":{"rendered":"Inauguration \u00e0 Lom\u00e9 du si\u00e8ge ouest-africain de African Guarantee Fund"},"content":{"rendered":"<div>\n<p><img loading=\"lazy\" decoding=\"async\" width=\"715\" height=\"848\" src=\"https:\/\/linitiative.ca\/International\/wp-content\/uploads\/sites\/23\/2021\/06\/16242994836989.jpg\" class=\"attachment-post-thumbnail size-post-thumbnail wp-post-image\" alt=\"\" srcset=\"https:\/\/linitiative.ca\/International\/wp-content\/uploads\/sites\/23\/2021\/06\/16242994836989.jpg 715w, https:\/\/www.journalducameroun.com\/wp-content\/uploads\/2021\/06\/16242994836989-253x300.jpg 253w, https:\/\/www.journalducameroun.com\/wp-content\/uploads\/2021\/06\/16242994836989-371x440.jpg 371w, https:\/\/www.journalducameroun.com\/wp-content\/uploads\/2021\/06\/16242994836989-600x712.jpg 600w\" sizes=\"auto, (max-width: 715px) 100vw, 715px\"><\/p>\n<p>African Guarantee Fund a inaugur\u00e9, \u00e0 Lom\u00e9, le si\u00e8ge social de sa filiale ouest-africaine (AGF West Africa), en pr\u00e9sence d&rsquo;un parterre de personnalit\u00e9s dont Kodjo Adedze, ministre togolais du commerce, de l&rsquo;industrie et de la consommation locale, repr\u00e9sentant le chef de l&rsquo;Etat  Faure Essozimna Gnassingb\u00e9.<\/p>\n<p>Con\u00e7u par le cabinet togolais Eza architectures, dirig\u00e9 par Eya-Eza Kao, ce nouveau si\u00e8ge social de six \u00e9tages, situ\u00e9 \u00e0 la cit\u00e9 OUA, d&rsquo;une superficie utile totale de 5000m2, r\u00e9pond aux normes fonctionnelles et \u00e9cologiques afin de cr\u00e9er un environnement de travail durable, viable et confortable pour les \u00e9quipes et partenaires de AGF West Africa, rapporte une note d&rsquo;information transmise \u00e0 APA, pr\u00e9cisant que l&rsquo;inauguration est intervenue le 10 juin dernier.<\/p>\n<p>L&rsquo;ach\u00e8vement de ce nouveau si\u00e8ge social de la filiale ouest-africaine de AGF, repr\u00e9sente une \u00e9tape importante pour African Guarantee Fund dans la r\u00e9alisation de son ambition de devenir une institution financi\u00e8re de premier plan en Afrique.<\/p>\n<p>\u00a0\u00ab Les nouveaux espaces de r\u00e9union collaboratifs, qui remplacent les bureaux plus conventionnels, sont destin\u00e9s \u00e0 maintenir l&rsquo;inspiration du personnel, en soutenant la cr\u00e9ativit\u00e9, le travail d&rsquo;\u00e9quipe, l&rsquo;innovation, et en augmentant le lien social entre les diff\u00e9rents d\u00e9partements \u00bb, souligne la note.<\/p>\n<p>M. Felix Adahi Bikpo, Chairman de AGF et Pr\u00e9sident du conseil d&rsquo;administration de AGF West Africa ainsi que M. Jules Ngankam, Group Ceo de AGF et Mme Sibi Lawson, DG par int\u00e9rim de AGF West Africa ont pris part \u00e0 cette inauguration de m\u00eame que des repr\u00e9sentations diplomatiques et d&rsquo;\u00e9tablissements bancaires togolais.<\/p>\n<p>African Guarantee Fund est une institution financi\u00e8re non bancaire dont l&rsquo;objectif est de promouvoir le d\u00e9veloppement \u00e9conomique, d&rsquo;accro\u00eetre les cr\u00e9ations d&#8217;emplois et de r\u00e9duire la pauvret\u00e9 en Afrique en fournissant aux institutions financi\u00e8res des solutions de garantie et un appui au renforcement des capacit\u00e9s, sp\u00e9cifiquement destin\u00e9s \u00e0 soutenir les PME en Afrique.<\/p>\n<p>Il a \u00e9t\u00e9 cr\u00e9\u00e9 par le gouvernement du Danemark par le biais de l&rsquo;Agence Danoise de D\u00e9veloppement International (DANIDA), le gouvernement espagnol par le biais de l&rsquo;Agence Espagnole de Coop\u00e9ration et de D\u00e9veloppement International (AECID) et la Banque Africaine de D\u00e9veloppement (BAD).<\/p>\n<p>Les autres actionnaires sont : l&rsquo;Agence Fran\u00e7aise de D\u00e9veloppement (AFD), le Fonds Nordique de D\u00e9veloppement (NDF), le Fonds d&rsquo;Investissement pour les Pays en D\u00e9veloppement (IFU) et la KfW Development Bank. AGF est not\u00e9 AA- par l&rsquo;agence de notation Fitch Ratings.<\/p>\n<p>Cet article <a rel=\"nofollow\" href=\"https:\/\/www.journalducameroun.com\/inauguration-a-lome-du-siege-ouest-africain-de-african-guarantee-fund\/\">Inauguration \u00e0 Lom\u00e9 du si\u00e8ge ouest-africain de African Guarantee Fund<\/a> est apparu en premier sur <a rel=\"nofollow\" href=\"https:\/\/www.journalducameroun.com\/\">Journal du Cameroun<\/a>.<\/p>\n<\/div>\n<p>Auteur: APA News<br \/>\n<a href=\"https:\/\/www.journalducameroun.com\/inauguration-a-lome-du-siege-ouest-africain-de-african-guarantee-fund\/\">Cliquez ici pour lire l&rsquo;article depuis sa source.<\/a><\/p>\n","protected":false},"excerpt":{"rendered":"<p>African Guarantee Fund a inaugur\u00e9, \u00e0 Lom\u00e9, le si\u00e8ge social de sa filiale ouest-africaine (AGF West Africa), en pr\u00e9sence d&rsquo;un parterre de personnalit\u00e9s dont Kodjo Adedze, ministre togolais du commerce, de l&rsquo;industrie et de la consommation locale, repr\u00e9sentant le chef de l&rsquo;Etat Faure Essozimna Gnassingb\u00e9. Con\u00e7u par le cabinet togolais Eza architectures, dirig\u00e9 par Eya-Eza [&hellip;]<\/p>\n","protected":false},"author":1965,"featured_media":0,"comment_status":"closed","ping_status":"closed","sticky":false,"template":"","format":"standard","meta":{"fifu_image_url":"https:\/\/www.journalducameroun.com\/wp-content\/uploads\/2021\/06\/16242994836989.jpg","fifu_image_alt":"Inauguration \u00e0 Lom\u00e9 du si\u00e8ge ouest-africain de African Guarantee Fund","footnotes":""},"categories":[73,82],"tags":[],"class_list":["post-119135","post","type-post","status-publish","format-standard","hentry","category-actualite","category-cameroun"],"_links":{"self":[{"href":"https:\/\/linitiative.ca\/International\/wp-json\/wp\/v2\/posts\/119135","targetHints":{"allow":["GET"]}}],"collection":[{"href":"https:\/\/linitiative.ca\/International\/wp-json\/wp\/v2\/posts"}],"about":[{"href":"https:\/\/linitiative.ca\/International\/wp-json\/wp\/v2\/types\/post"}],"author":[{"embeddable":true,"href":"https:\/\/linitiative.ca\/International\/wp-json\/wp\/v2\/users\/1965"}],"replies":[{"embeddable":true,"href":"https:\/\/linitiative.ca\/International\/wp-json\/wp\/v2\/comments?post=119135"}],"version-history":[{"count":0,"href":"https:\/\/linitiative.ca\/International\/wp-json\/wp\/v2\/posts\/119135\/revisions"}],"wp:attachment":[{"href":"https:\/\/linitiative.ca\/International\/wp-json\/wp\/v2\/media?parent=119135"}],"wp:term":[{"taxonomy":"category","embeddable":true,"href":"https:\/\/linitiative.ca\/International\/wp-json\/wp\/v2\/categories?post=119135"},{"taxonomy":"post_tag","embeddable":true,"href":"https:\/\/linitiative.ca\/International\/wp-json\/wp\/v2\/tags?post=119135"}],"curies":[{"name":"wp","href":"https:\/\/api.w.org\/{rel}","templated":true}]}}