{"id":119139,"date":"2021-06-21T16:18:02","date_gmt":"2021-06-21T20:18:02","guid":{"rendered":"https:\/\/linitiative.ca\/International\/saison-des-pluies-les-populations-ivoiriennes-invitees-au-civisme\/"},"modified":"2021-06-21T16:18:02","modified_gmt":"2021-06-21T20:18:02","slug":"saison-des-pluies-les-populations-ivoiriennes-invitees-au-civisme","status":"publish","type":"post","link":"https:\/\/linitiative.ca\/International\/saison-des-pluies-les-populations-ivoiriennes-invitees-au-civisme\/","title":{"rendered":"Saison des pluies: les populations ivoiriennes invit\u00e9es au civisme"},"content":{"rendered":"<div>\n<p><img loading=\"lazy\" decoding=\"async\" width=\"1080\" height=\"675\" src=\"https:\/\/linitiative.ca\/International\/wp-content\/uploads\/sites\/23\/2021\/06\/16243066827649.jpg\" class=\"attachment-post-thumbnail size-post-thumbnail wp-post-image\" alt=\"\" srcset=\"https:\/\/linitiative.ca\/International\/wp-content\/uploads\/sites\/23\/2021\/06\/16243066827649.jpg 1080w, https:\/\/www.journalducameroun.com\/wp-content\/uploads\/2021\/06\/16243066827649-300x188.jpg 300w, https:\/\/www.journalducameroun.com\/wp-content\/uploads\/2021\/06\/16243066827649-768x480.jpg 768w, https:\/\/www.journalducameroun.com\/wp-content\/uploads\/2021\/06\/16243066827649-1024x640.jpg 1024w, https:\/\/www.journalducameroun.com\/wp-content\/uploads\/2021\/06\/16243066827649-704x440.jpg 704w, https:\/\/www.journalducameroun.com\/wp-content\/uploads\/2021\/06\/16243066827649-600x375.jpg 600w\" sizes=\"auto, (max-width: 1080px) 100vw, 1080px\"><\/p>\n<p>De fortes pluies s&rsquo;abattent depuis quelques jours sur la C\u00f4te d&rsquo;Ivoire o\u00f9 le ministre ivoirien  de l&rsquo;Assainissement et de la salubrit\u00e9, Bouak\u00e9 Fofana a invit\u00e9, dimanche, les populations \u00e0 un comportement civique.<\/p>\n<p>M. Fofana a lanc\u00e9 cet appel \u00e0 l&rsquo;issue d&rsquo;une tourn\u00e9e dans des quartiers de Cocody (Est d&rsquo;Abidjan), pour constater l&rsquo;impact de la forte pluie de samedi \u00e0 dimanche sur les ouvrages de drainage des eaux de ruissellement, rapporte une note d&rsquo;information transmise \u00e0 APA, lundi.<\/p>\n<p>\u00ab C&rsquo;est un appel que nous lan\u00e7ons \u00e0 tous nos compatriotes: il faut s&rsquo;assurer, avant de commencer une construction, d&rsquo;avoir le permis de construire (\u2026) M\u00eame quand les ouvrages sont construits, leur fonctionnement est mis \u00e0 rude \u00e9preuve par les arriv\u00e9es des d\u00e9chets, parce que nos compatriotes continuent de se servir des caniveaux, des canalisations de drainage comme des d\u00e9potoirs d&rsquo;ordures \u00bb, a regrett\u00e9 le ministre.<\/p>\n<p>\u00ab Arr\u00eatons de d\u00e9verser nos ordures dans les caniveaux, parce que quand il pleut, l&rsquo;eau de pluie les ram\u00e8nent au point le plus bas et c&rsquo;est ce que nous voyons au carrefour de l&rsquo;Ind\u00e9ni\u00e9, au niveau du barrage de Bonoumin et dans d&rsquo;autres zones, o\u00f9 quand l&rsquo;eau se retire, on retrouve des d\u00e9chets de tous ordres \u00bb, a-t-il poursuivi.<\/p>\n<p>Le pays, cette ann\u00e9e, a connu une longue saison s\u00e8che. La saison pluvieuse qui s&rsquo;annonce, pourrait encore entra\u00eener des d\u00e9g\u00e2ts, car des populations demeurent encore dans des zones \u00e0 risques, notamment dans les talwegs, les bassins d&rsquo;orage et les flancs de collines.<\/p>\n<p>Le ministre de l&rsquo;Assainissement et de la salubrit\u00e9 s&rsquo;est rendu successivement \u00e0 la Rue ministre, \u00e0 Saint-Viateur, Allabra, Bounoumin, 9 Kilos (des quartiers de la Rivi\u00e9ra-Cocody) et au carrefour de l&rsquo;Ind\u00e9ni\u00e9 pour constater l&rsquo;impact de ces premi\u00e8res pluies.<\/p>\n<p>\u00a0\u00ab Nous avons des zones critiques qui ont \u00e9t\u00e9 inond\u00e9es. La raison, c&rsquo;est qu&rsquo;il y a des retenues \u00e0 faire en amont de ces zones qui ne sont pas encore faites. Tant qu&rsquo;on ne les aura pas faites, on a des risques d&rsquo;inondations. Au niveau de Saint-Viateur, un ouvrage de drainage est carr\u00e9ment dans l&rsquo;enceinte de l&rsquo;\u00e9cole \u00bb, a expliqu\u00e9 le ministre, cit\u00e9 dans cette note d&rsquo;information.<\/p>\n<p>\u00ab Ce sont des questions que nous devons r\u00e9gler, parce que l&rsquo;eau doit circuler, elle a son chemin naturel. Nous faisons des ouvrages pour guider l&rsquo;eau, mais quand les ouvrages ne sont pas suffisants, les risques d&rsquo;inondations sont l\u00e0 \u00bb, a-t-il fait observer.<\/p>\n<p>Selon lui, le risque ne sera pas \u00e0 z\u00e9ro tant que \u00ab nous n&rsquo;aurons pas construit tous les ouvrages de drainage pr\u00e9vu dans le sch\u00e9ma-directeur, mais il est r\u00e9duit de fa\u00e7on significative dans les zones critiques, les d\u00e9g\u00e2ts mat\u00e9riels sont minimes \u00bb.<\/p>\n<p>Dans la foul\u00e9e, M. Fofana, a soulign\u00e9 la priorit\u00e9 de son d\u00e9partement minist\u00e9riel \u00a0au cours de cette saison pluvieuse.<\/p>\n<p>\u00a0\u00ab Notre premi\u00e8re priorit\u00e9 c&rsquo;est qu&rsquo;il n&rsquo;y ait pas des inondations qui aboutissent \u00e0 des pertes en vies humaines et \u00e0 des d\u00e9g\u00e2ts mat\u00e9riels importants. Notre objectif, cette ann\u00e9e, c&rsquo;est qu&rsquo;il y ait 0 mort li\u00e9 aux inondations \u00bb, a expliqu\u00e9 le ministre.<\/p>\n<p>Pour l&rsquo;instant, a-t-il ajout\u00e9, \u00ab on ne d\u00e9plore pas encore de pertes en vies humaines dans les zones qui ont connu des inondations importantes les ann\u00e9es pr\u00e9c\u00e9dentes, comme Allabra, parce la capacit\u00e9 des ouvrages a \u00e9t\u00e9 augment\u00e9e (\u2026) \u00bb.<\/p>\n<p>\u00a0\u00ab Aujourd&rsquo;hui, on est retard\u00e9 dans l&rsquo;ex\u00e9cution des travaux du sch\u00e9ma-directeur, parce que les sites de certains ouvrages que nous devons construire absolument pour r\u00e9duire les risques d&rsquo;inondations sont occup\u00e9s, \u00e0 telle enseigne que si on veut indemniser toutes ces personnes, le montant des indemnisations est sup\u00e9rieur au co\u00fbt des projets\u00bb, a d\u00e9plor\u00e9 Bouak\u00e9 Fofana.<\/p>\n<p>\u00a0\u00ab Il s&rsquo;agit donc de sensibiliser les populations. Ne construisons pas dans des zones inondables. Est-ce qu&rsquo;on peut construire sur une route sous pr\u00e9texte \u00a0qu&rsquo;on a un papier ? \u00bb, a interrog\u00e9 le ministre, relevant qu&rsquo;il \u00ab y&rsquo;a des zones inondables, des bassins d&rsquo;orage, mais nos compatriotes construisent dans ces bassins \u00bb.<\/p>\n<p>Des inondations et des glissements de terrains ont fait 18 morts en juin 2018 \u00e0 Abidjan, ce qui a amen\u00e9 le gouvernement \u00e0 engager la destruction des constructions r\u00e9alis\u00e9es sur les bassins d&rsquo;orage de drainage.<\/p>\n<p>Cet article <a rel=\"nofollow\" href=\"https:\/\/www.journalducameroun.com\/saison-des-pluies-les-populations-ivoiriennes-invitees-au-civisme\/\">Saison des pluies: les populations ivoiriennes invit\u00e9es au civisme<\/a> est apparu en premier sur <a rel=\"nofollow\" href=\"https:\/\/www.journalducameroun.com\/\">Journal du Cameroun<\/a>.<\/p>\n<\/div>\n<p>Auteur: APA News<br \/>\n<a href=\"https:\/\/www.journalducameroun.com\/saison-des-pluies-les-populations-ivoiriennes-invitees-au-civisme\/\">Cliquez ici pour lire l&rsquo;article depuis sa source.<\/a><\/p>\n","protected":false},"excerpt":{"rendered":"<p>De fortes pluies s&rsquo;abattent depuis quelques jours sur la C\u00f4te d&rsquo;Ivoire o\u00f9 le ministre ivoirien de l&rsquo;Assainissement et de la salubrit\u00e9, Bouak\u00e9 Fofana a invit\u00e9, dimanche, les populations \u00e0 un comportement civique. M. Fofana a lanc\u00e9 cet appel \u00e0 l&rsquo;issue d&rsquo;une tourn\u00e9e dans des quartiers de Cocody (Est d&rsquo;Abidjan), pour constater l&rsquo;impact de la forte [&hellip;]<\/p>\n","protected":false},"author":1965,"featured_media":0,"comment_status":"closed","ping_status":"closed","sticky":false,"template":"","format":"standard","meta":{"fifu_image_url":"https:\/\/www.journalducameroun.com\/wp-content\/uploads\/2021\/06\/16243066827649.jpg","fifu_image_alt":"Saison des pluies: les populations ivoiriennes invit\u00e9es au civisme","footnotes":""},"categories":[73,82],"tags":[],"class_list":["post-119139","post","type-post","status-publish","format-standard","hentry","category-actualite","category-cameroun"],"_links":{"self":[{"href":"https:\/\/linitiative.ca\/International\/wp-json\/wp\/v2\/posts\/119139","targetHints":{"allow":["GET"]}}],"collection":[{"href":"https:\/\/linitiative.ca\/International\/wp-json\/wp\/v2\/posts"}],"about":[{"href":"https:\/\/linitiative.ca\/International\/wp-json\/wp\/v2\/types\/post"}],"author":[{"embeddable":true,"href":"https:\/\/linitiative.ca\/International\/wp-json\/wp\/v2\/users\/1965"}],"replies":[{"embeddable":true,"href":"https:\/\/linitiative.ca\/International\/wp-json\/wp\/v2\/comments?post=119139"}],"version-history":[{"count":0,"href":"https:\/\/linitiative.ca\/International\/wp-json\/wp\/v2\/posts\/119139\/revisions"}],"wp:attachment":[{"href":"https:\/\/linitiative.ca\/International\/wp-json\/wp\/v2\/media?parent=119139"}],"wp:term":[{"taxonomy":"category","embeddable":true,"href":"https:\/\/linitiative.ca\/International\/wp-json\/wp\/v2\/categories?post=119139"},{"taxonomy":"post_tag","embeddable":true,"href":"https:\/\/linitiative.ca\/International\/wp-json\/wp\/v2\/tags?post=119139"}],"curies":[{"name":"wp","href":"https:\/\/api.w.org\/{rel}","templated":true}]}}