{"id":119144,"date":"2021-06-21T13:58:19","date_gmt":"2021-06-21T17:58:19","guid":{"rendered":"https:\/\/linitiative.ca\/International\/assemblee-nationale-les-deputes-emettent-des-reserves-sur-la-loi-de-finances-rectificative\/"},"modified":"2021-06-21T13:58:19","modified_gmt":"2021-06-21T17:58:19","slug":"assemblee-nationale-les-deputes-emettent-des-reserves-sur-la-loi-de-finances-rectificative","status":"publish","type":"post","link":"https:\/\/linitiative.ca\/International\/assemblee-nationale-les-deputes-emettent-des-reserves-sur-la-loi-de-finances-rectificative\/","title":{"rendered":"Assembl\u00e9e nationale: les d\u00e9put\u00e9s \u00e9mettent des r\u00e9serves sur la loi de finances rectificative"},"content":{"rendered":"<div>\n<p>Le projet de loi portant ratification de l\u2019Ordonnance du 7 juin 2021 modifiant et compl\u00e9tant certaines dispositions de la loi de Finances de l\u2019exercice 2021 a \u00e9t\u00e9 adopt\u00e9 par les d\u00e9put\u00e9s ce lundi. Toutefois, ces derniers ont soulign\u00e9 des incoh\u00e9rences dans ledit texte. Au rang de ces parlementaires, l\u2019honorable Joshua Osih du Social democratic front (SDF) qui s\u2019est notamment attard\u00e9 sur l\u2019Eurobond et les taux d\u2019int\u00e9r\u00eat y relatifs, la suspension du C2D avec la France.<\/p>\n<p>De son c\u00f4t\u00e9, le d\u00e9put\u00e9 Koupit Adamou de l\u2019Union d\u00e9mocratique du Cameroun (Udc) a interpell\u00e9 le ministre des Finances sur la quasi absence de justification de certaines d\u00e9cisions. \u00ab Dans l\u2019analyse des motifs des faits, vous nous avez habitu\u00e9s \u00e0 quelque chose qui m\u2019a positivement marqu\u00e9, c\u2019est-\u00e0-dire l\u2019explication des variations des pr\u00e9visions. Malheureusement, cette bonne habitude que vous avez adopt\u00e9e\u00a0 en ce qui concerne la justification des recettes p\u00e9troli\u00e8res vous n\u2019avez pas continu\u00e9\u2026 quand on commence quelque chose on arr\u00eate, \u00e7a cr\u00e9e la suspicion\u2026 la moindre des choses est de nous dire qu\u2019est ce qui justifie cela \u00bb\u00a0 a d\u00e9clar\u00e9 le d\u00e9put\u00e9. Il a en outre demand\u00e9 au Minfi d\u2019expliquer la baisse des recettes non fiscales pr\u00e9vue par l\u2019Ordonnance. \u00ab La ligne des recettes non fiscales subit une baisse de 12%\u2026derni\u00e8rement on nous a donn\u00e9 des informations sur des entreprises publiques et parapubliques qui ont d\u00e9gag\u00e9 des b\u00e9n\u00e9fices importants. On se serait attendus \u00e0 ce que cette ligne soit plut\u00f4t r\u00e9vis\u00e9e \u00e0 la hausse. Qu\u2019est ce qui justifie que la ligne des recettes non fiscales subisse une baisse ? \u00bb<\/p>\n<p>Dans les rangs du Rassemblement d\u00e9mocratique du peuple camerounais (Rdpc), l\u2019on s\u2019interroge sur les modifications survenues au niveau du prix du baril de p\u00e9trole. \u00ab\u00a0 Vous nous parlez de boom p\u00e9trolier mais nous n\u2019avons pas de chiffre. Notre production annuelle qui nous a permis de remonter avec des recettes est de combien ? Le baril que vous avez calcul\u00e9 est de combien ? Nous ne sommes qu\u2019au 2\u00e8me semestre de l\u2019ann\u00e9e 2021, est ce que le prix du baril va rester le m\u00eame ? Est-ce que le prix va augmenter ? Est-ce qu\u2019il y aura une autre Ordonnance ?\u00a0 a questionn\u00e9 l\u2019honorable Nkodo Dang.<\/p>\n<p><strong>Taux d\u2019int\u00e9r\u00eat<\/strong><\/p>\n<p>Des questionnements auxquels le ministre des Finances a apport\u00e9 plus ou moins des r\u00e9ponses. Louis Paul Motaze a en effet survol\u00e9 la question relative aux taux d\u2019int\u00e9r\u00eat des derniers endettements du Cameroun. Un point sur lequel le Gouvernement ne communique presque jamais. \u00ab Nous avons contract\u00e9 un premier endettement de 450 milliards\u00a0 \u00e0 un certain taux d\u2019int\u00e9r\u00eat, si c\u2019est pour aller pour\u00a0 le m\u00eame taux \u00e7a ne vaut pas la peine d\u2019y aller.\u00a0 Nous y allons justement parce que nous esp\u00e9rons avoir un taux beaucoup plus avantageux. Maintenant il serait de combien ? Ces choses-l\u00e0, ce n\u2019est pas un d\u00e9cret que le gouvernement va prendre pour dire que nous voulons un taux de . S\u2019il y a un taux z\u00e9ro je prends, s\u2019il y a un taux de 1 je prends. Mais tout ce qui est meilleur que 9,5 serait consid\u00e9r\u00e9 comme une victoire. Nous visons un bon taux et nous esp\u00e9rons que comme nous serons \u00e0 notre deuxi\u00e8me passage, peut-\u00eatre que les choses vont s\u2019am\u00e9liorer. Donc il est tr\u00e8s difficile de fixer arbitrairement, parce que c\u2019est une discussion que nous allons avoir avec des gens qui acceptent de vous pr\u00eater de l\u2019argent\u2026 \u00bb<\/p>\n<p><strong>Remboursement du C2D<\/strong><\/p>\n<p>Le remboursement de la dette dans le cadre du C2D fait partie des raisons pr\u00e9sent\u00e9es par le Gouvernement pour justifier la modification du budget de l\u2019Etat. Selon le Minfi, le possible changement de m\u00e9canisme au sein de cette relation entre la France et le Cameroun a un impact sur la loi de Finances. \u00ab Le C2D c\u2019est un m\u00e9canisme particulier avec la France qui fait que lorsque nous devons rembourser notre dette vis-\u00e0-vis de la France, au lieu qu\u2019elle dise je l\u2019annule. Donc vous ne remboursez rien, il y a plut\u00f4t un m\u00e9canisme particulier qui engage le gouvernement \u00e0 rembourser la dette, donc l\u2019argent va du Cameroun vers la France, mais, la France nous renvoie cet argent. Sauf que nous nous entendons avec la France, sur des projets \u00e0 financer gr\u00e2ce \u00e0 cet argent \u00bb indique Louis Paul Motaze.<\/p>\n<p>La nouveaut\u00e9 vient d\u00e8s lors des orientations donn\u00e9es par le G20 dans le cadre de la gestion de la dette en pleine pand\u00e9mie de Covid19. \u00ab Depuis que les pays du G20 ont d\u00e9cid\u00e9 avec la crise sanitaire d\u2019all\u00e9ger la dette, nous ne faisons plus ce mouvement.\u00a0 Nous n\u2019envoyons plus l\u2019argent que la France nous renvoie. Et comme la France ne nous renvoie plus, le budget du C2d est donc amput\u00e9 de ses ressources. Il y a donc deux solutions. La premi\u00e8re solution c\u2019est de dire comme nous ne remboursons pas cet argent, prenons le pour le mettre dans le budget. L\u2019autre solution c\u2019est de garder le m\u00e9canisme de C2D tel qu\u2019il \u00e9tait. C\u2019est pour cela que nous sommes en discussion maintenant. La semaine derni\u00e8re j\u2019\u00e9tais \u00e0 Paris, j\u2019ai rencontr\u00e9 le Directeur du Tr\u00e9sor au minist\u00e8re des Finances et la discussion continue. Si la France ne peut plus faire ce mouvement, il faut que nous saisissons le G20 pour dire que la France ne fait plus partie avec le Cameroun, des pays qui acceptent l\u2019all\u00e8gement. C\u2019est un peu comme si la France nous demandait de rembourser tout simplement parce qu\u2019en remboursant, elle nous renvoie l\u2019argent. \u00bb<\/p>\n<p><strong>Pr\u00e9visions inexactes<\/strong><\/p>\n<p>Le ministre des Finances s\u2019est \u00e9galement attard\u00e9 sur les pr\u00e9visions du gouvernement au sujet du baril du p\u00e9trole. Ces derni\u00e8res \u00e9tant jug\u00e9es impr\u00e9cises par les d\u00e9put\u00e9s. \u00ab C\u2019est tr\u00e8s difficile de faire certaines pr\u00e9visions sur 3 ans. Lorsque dans les ann\u00e9es 2015, nous avons connu la premi\u00e8re crise, c\u2019est bien parce que le prix du baril a connu une chute\u00a0 vertigineuse. C\u2019est-\u00e0-dire qu\u2019on avait atteint entre 120 et 130 dollars le baril et on \u00e9tait tomb\u00e9 \u00e0 30 qui avait pr\u00e9vu cela ? Personne. A l\u2019heure actuelle nous avons fait une pr\u00e9vision qui se voulait conservatrice lorsque nous sommes venus devant vous pour le prix du baril. Nous avons prix 43,8 parce qu\u2019on s\u2019est dit que l\u2019\u00e9conomie remarche donc la demande en p\u00e9trole va repartir. Honorable ne nous reprochez pas d\u2019\u00eatre prudents. Si on pr\u00e9voyait d\u00e9j\u00e0 un taux extr\u00eamement \u00e9lev\u00e9 vous auriez pu nous dire pourquoi \u00eates vous aussi optimistes ?<\/p>\n<p>Quant aux questions relatives \u00e0 la production du p\u00e9trole par le Cameroun, Louis Paul Motaze a recommand\u00e9 \u00e0 l\u2019honorable Nkodo Dang de se rapprocher de la Soci\u00e9t\u00e9 nationale des hydrocarbures. Soulignant tout de m\u00eame que le prix du baril se situe \u00e0 58,5 dollars.\u00a0<\/p>\n<p><strong>Ren\u00e9 Ombala<\/strong><\/p>\n<p>L\u2019article <a rel=\"nofollow\" href=\"https:\/\/ecomatin.net\/assemblee-nationale-les-deputes-emettent-des-reservess-sur-la-loi-de-finances-rectificative\/\">Assembl\u00e9e nationale: les d\u00e9put\u00e9s \u00e9mettent des r\u00e9serves sur la loi de finances rectificative<\/a> est apparu en premier sur <a rel=\"nofollow\" href=\"https:\/\/ecomatin.net\/\">EcoMatin<\/a>.<\/p>\n<\/div>\n<p>Auteur: EcoMatin<br \/>\n<a href=\"https:\/\/ecomatin.net\/assemblee-nationale-les-deputes-emettent-des-reservess-sur-la-loi-de-finances-rectificative\/\">Cliquez ici pour lire l&rsquo;article depuis sa source.<\/a><\/p>\n","protected":false},"excerpt":{"rendered":"<p>Le projet de loi portant ratification de l\u2019Ordonnance du 7 juin 2021 modifiant et compl\u00e9tant certaines dispositions de la loi de Finances de l\u2019exercice 2021 a \u00e9t\u00e9 adopt\u00e9 par les d\u00e9put\u00e9s ce lundi. Toutefois, ces derniers ont soulign\u00e9 des incoh\u00e9rences dans ledit texte. Au rang de ces parlementaires, l\u2019honorable Joshua Osih du Social democratic front [&hellip;]<\/p>\n","protected":false},"author":1969,"featured_media":0,"comment_status":"closed","ping_status":"closed","sticky":false,"template":"","format":"standard","meta":{"fifu_image_url":"","fifu_image_alt":"","footnotes":""},"categories":[82,78],"tags":[],"class_list":["post-119144","post","type-post","status-publish","format-standard","hentry","category-cameroun","category-economie"],"_links":{"self":[{"href":"https:\/\/linitiative.ca\/International\/wp-json\/wp\/v2\/posts\/119144","targetHints":{"allow":["GET"]}}],"collection":[{"href":"https:\/\/linitiative.ca\/International\/wp-json\/wp\/v2\/posts"}],"about":[{"href":"https:\/\/linitiative.ca\/International\/wp-json\/wp\/v2\/types\/post"}],"author":[{"embeddable":true,"href":"https:\/\/linitiative.ca\/International\/wp-json\/wp\/v2\/users\/1969"}],"replies":[{"embeddable":true,"href":"https:\/\/linitiative.ca\/International\/wp-json\/wp\/v2\/comments?post=119144"}],"version-history":[{"count":0,"href":"https:\/\/linitiative.ca\/International\/wp-json\/wp\/v2\/posts\/119144\/revisions"}],"wp:attachment":[{"href":"https:\/\/linitiative.ca\/International\/wp-json\/wp\/v2\/media?parent=119144"}],"wp:term":[{"taxonomy":"category","embeddable":true,"href":"https:\/\/linitiative.ca\/International\/wp-json\/wp\/v2\/categories?post=119144"},{"taxonomy":"post_tag","embeddable":true,"href":"https:\/\/linitiative.ca\/International\/wp-json\/wp\/v2\/tags?post=119144"}],"curies":[{"name":"wp","href":"https:\/\/api.w.org\/{rel}","templated":true}]}}