{"id":119148,"date":"2021-06-22T09:58:14","date_gmt":"2021-06-22T13:58:14","guid":{"rendered":"https:\/\/linitiative.ca\/International\/covid-19-baisse-de-182-du-nombre-des-deces-durant-la-derniere-quinzaine\/"},"modified":"2021-06-22T09:58:14","modified_gmt":"2021-06-22T13:58:14","slug":"covid-19-baisse-de-182-du-nombre-des-deces-durant-la-derniere-quinzaine","status":"publish","type":"post","link":"https:\/\/linitiative.ca\/International\/covid-19-baisse-de-182-du-nombre-des-deces-durant-la-derniere-quinzaine\/","title":{"rendered":"Covid-19: Baisse de 18,2% du nombre des d\u00e9c\u00e8s durant la derni\u00e8re quinzaine"},"content":{"rendered":"<div>\n<p><img decoding=\"async\" width=\"300\" height=\"153\" src=\"https:\/\/linitiative.ca\/International\/wp-content\/uploads\/sites\/23\/2021\/06\/Test-Covid-19-Coronavirus-300x153-1.jpg\" class=\"attachment-medium size-medium wp-post-image\" alt=\"\" loading=\"lazy\" srcset=\"\/\/aujourdhui.ma\/wp-content\/uploads\/2020\/07\/Test-Covid-19-Coronavirus-300x153.jpg 300w, \/\/aujourdhui.ma\/wp-content\/uploads\/2020\/07\/Test-Covid-19-Coronavirus-274x140.jpg 274w, \/\/aujourdhui.ma\/wp-content\/uploads\/2020\/07\/Test-Covid-19-Coronavirus.jpg 746w, \/\/aujourdhui.ma\/wp-content\/uploads\/2020\/07\/Test-Covid-19-Coronavirus-165x84.jpg 165w, \/\/aujourdhui.ma\/wp-content\/uploads\/2020\/07\/Test-Covid-19-Coronavirus-702x358.jpg 702w\" sizes=\"auto, (max-width: 300px) 100vw, 300px\"><\/p>\n<p><span style=\"font-size: 20px; color: #800000;\"><strong>Le nombre des d\u00e9c\u00e8s a enregistr\u00e9 une baisse de 18,2% durant les deux derni\u00e8res semaines (8\/21 juin), a indiqu\u00e9 mardi le minist\u00e8re de la Sant\u00e9 dans son bilan bimensuel de la situation \u00e9pid\u00e9miologique au Maroc, faisant \u00e9tat d\u2019une \u00ab\u00a0stabilisation des indicateurs\u00a0\u00bb.<\/strong><\/span><span id=\"more-379715\"><\/span><\/p>\n<p>Si le taux de contamination a connu une augmentation sensible (+12,05%), le taux de positivit\u00e9 a enregistr\u00e9 une l\u00e9g\u00e8re baisse, passant de 3,87% \u00e0 3,31%, a-t-on ajout\u00e9 dans ce bilan, pr\u00e9sent\u00e9 par le chef de la division des maladies transmissibles, Abdelkrim Meziane Bellefquih, relevant que les cas actifs se sont \u00e9lev\u00e9s \u00e0 3.732, contre 3.165 deux semaines auparavant (+18%).<\/p>\n<p>Alors que le nombre des cas critiques admis aux unit\u00e9s de soins intensifs est rest\u00e9 stable, celui des patients sous intubation a baiss\u00e9 de 50% durant la m\u00eame p\u00e9riode, s\u2019est f\u00e9licit\u00e9 M. Belleffquih.<\/p>\n<p>De mani\u00e8re g\u00e9n\u00e9rale, la situation \u00e9pid\u00e9miologique demeure sous contr\u00f4le, a-t-il consid\u00e9r\u00e9, appelant \u00e0 davantage de vigilance afin d\u2019\u00e9viter toute r\u00e9surgence de la diffusion du virus.<\/p>\n<p>Le responsable a, par ailleurs, \u00e9voqu\u00e9 la poursuite, pour la 21\u00e8me semaine, de la campagne nationale de vaccination contre la Covid-19, assurant que les quantit\u00e9s du vaccin Sinopharm re\u00e7ues le week-end dernier donneront \u00ab\u00a0une forte impulsion\u00a0\u00bb \u00e0 cette op\u00e9ration.<\/p>\n<p>Le retour des Marocains r\u00e9sidant \u00e0 l\u2019\u00e9tranger pour les vacances d\u2019\u00e9t\u00e9 entrainera une dynamique sociale qui pourrait s\u2019accompagner d\u2019une acc\u00e9l\u00e9ration de la circulation du virus, a-t-il averti.<\/p>\n<p>D\u2019apr\u00e8s la m\u00eame source, cette situation repr\u00e9sente \u00ab\u00a0un d\u00e9fi majeur\u00a0\u00bb, d\u2019o\u00f9 la n\u00e9cessit\u00e9 de maintenir l\u2019engagement pour faire r\u00e9ussir la campagne de vaccination et l\u2019imp\u00e9ratif du respect strict des mesures pr\u00e9ventives.<\/p>\n<\/div>\n<p>Auteur: ALM<br \/>\n<a href=\"https:\/\/aujourdhui.ma\/societe\/covid-19-baisse-de-182-du-nombre-des-deces-durant-la-derniere-quinzaine\">Cliquez ici pour lire l&rsquo;article depuis sa source.<\/a><\/p>\n","protected":false},"excerpt":{"rendered":"<p>Le nombre des d\u00e9c\u00e8s a enregistr\u00e9 une baisse de 18,2% durant les deux derni\u00e8res semaines (8\/21 juin), a indiqu\u00e9 mardi le minist\u00e8re de la Sant\u00e9 dans son bilan bimensuel de la situation \u00e9pid\u00e9miologique au Maroc, faisant \u00e9tat d\u2019une \u00ab\u00a0stabilisation des indicateurs\u00a0\u00bb. Si le taux de contamination a connu une augmentation sensible (+12,05%), le taux de [&hellip;]<\/p>\n","protected":false},"author":1759,"featured_media":0,"comment_status":"closed","ping_status":"closed","sticky":false,"template":"","format":"standard","meta":{"fifu_image_url":"https:\/\/aujourdhui.ma\/wp-content\/uploads\/2020\/07\/Test-Covid-19-Coronavirus-300x153.jpg","fifu_image_alt":"Covid-19: Baisse de 18,2% du nombre des d\u00e9c\u00e8s durant la derni\u00e8re quinzaine","footnotes":""},"categories":[73,54],"tags":[],"class_list":["post-119148","post","type-post","status-publish","format-standard","hentry","category-actualite","category-maroc"],"_links":{"self":[{"href":"https:\/\/linitiative.ca\/International\/wp-json\/wp\/v2\/posts\/119148","targetHints":{"allow":["GET"]}}],"collection":[{"href":"https:\/\/linitiative.ca\/International\/wp-json\/wp\/v2\/posts"}],"about":[{"href":"https:\/\/linitiative.ca\/International\/wp-json\/wp\/v2\/types\/post"}],"author":[{"embeddable":true,"href":"https:\/\/linitiative.ca\/International\/wp-json\/wp\/v2\/users\/1759"}],"replies":[{"embeddable":true,"href":"https:\/\/linitiative.ca\/International\/wp-json\/wp\/v2\/comments?post=119148"}],"version-history":[{"count":0,"href":"https:\/\/linitiative.ca\/International\/wp-json\/wp\/v2\/posts\/119148\/revisions"}],"wp:attachment":[{"href":"https:\/\/linitiative.ca\/International\/wp-json\/wp\/v2\/media?parent=119148"}],"wp:term":[{"taxonomy":"category","embeddable":true,"href":"https:\/\/linitiative.ca\/International\/wp-json\/wp\/v2\/categories?post=119148"},{"taxonomy":"post_tag","embeddable":true,"href":"https:\/\/linitiative.ca\/International\/wp-json\/wp\/v2\/tags?post=119148"}],"curies":[{"name":"wp","href":"https:\/\/api.w.org\/{rel}","templated":true}]}}