{"id":119150,"date":"2021-06-22T10:08:27","date_gmt":"2021-06-22T14:08:27","guid":{"rendered":"https:\/\/linitiative.ca\/International\/initiee-par-lassociation-marocaine-des-salles-de-marches-infitah-au-chevet-des-pme-tpe-de-souss-massa\/"},"modified":"2021-06-22T10:08:27","modified_gmt":"2021-06-22T14:08:27","slug":"initiee-par-lassociation-marocaine-des-salles-de-marches-infitah-au-chevet-des-pme-tpe-de-souss-massa","status":"publish","type":"post","link":"https:\/\/linitiative.ca\/International\/initiee-par-lassociation-marocaine-des-salles-de-marches-infitah-au-chevet-des-pme-tpe-de-souss-massa\/","title":{"rendered":"Initi\u00e9e par l\u2019Association marocaine des salles de march\u00e9s : Infitah au chevet des PME-TPE  de Souss-Massa"},"content":{"rendered":"<div>\n<p><img decoding=\"async\" width=\"300\" height=\"153\" src=\"https:\/\/linitiative.ca\/International\/wp-content\/uploads\/sites\/23\/2021\/06\/Infitah-au-chevet-des-PME-TPE-de-Souss-Massa-300x153-1.jpg\" class=\"attachment-medium size-medium wp-post-image\" alt=\"\" loading=\"lazy\" srcset=\"\/\/aujourdhui.ma\/wp-content\/uploads\/2021\/06\/Infitah-au-chevet-des-PME-TPE-de-Souss-Massa-300x153.jpg 300w, \/\/aujourdhui.ma\/wp-content\/uploads\/2021\/06\/Infitah-au-chevet-des-PME-TPE-de-Souss-Massa-274x140.jpg 274w, \/\/aujourdhui.ma\/wp-content\/uploads\/2021\/06\/Infitah-au-chevet-des-PME-TPE-de-Souss-Massa.jpg 746w, \/\/aujourdhui.ma\/wp-content\/uploads\/2021\/06\/Infitah-au-chevet-des-PME-TPE-de-Souss-Massa-165x84.jpg 165w, \/\/aujourdhui.ma\/wp-content\/uploads\/2021\/06\/Infitah-au-chevet-des-PME-TPE-de-Souss-Massa-702x358.jpg 702w\" sizes=\"auto, (max-width: 300px) 100vw, 300px\"><\/p>\n<p><span style=\"color: #800000;\"><strong>Via sa campagne de communication \u00e0 360\u00b0, Infitah active plusieurs canaux. Parmi eux, une tourn\u00e9e r\u00e9gionale qui favorise la proximit\u00e9 et l\u2019\u00e9change avec les entreprises membres de f\u00e9d\u00e9rations r\u00e9gionales professionnelles, d\u2019associations entrepreneuriales\/professionnelles et Chambres de commerce.<\/strong><\/span><\/p>\n<p><span id=\"more-379701\"><\/span><\/p>\n<p>Apr\u00e8s Dakhla, la ville d\u2019Agadir a accueilli la deuxi\u00e8me escale de la Caravane Infitah lanc\u00e9e par l\u2019Association marocaine des salles de march\u00e9s (AMSM).<br \/>\nMen\u00e9 par l\u2019Association marocaine des salles de march\u00e9s avec l\u2019appui effectif de Bank Al-Maghrib et de l\u2019Office des changes, le programme Infitah s\u2019adresse aux PME-TPE pour les informer et les sensibiliser aux enjeux de la flexibilisation du dirham.<br \/>\nLa rencontre a \u00e9t\u00e9 l\u2019occasion d\u2019une conf\u00e9rence-d\u00e9bat pour vulgariser aupr\u00e8s de l\u2019important tissu des tr\u00e8s petites, petites et moyennes entreprises les concepts fondamentaux li\u00e9s au risque de change et les moyens mis \u00e0 la disposition des soci\u00e9t\u00e9s par les banques ainsi que par la tutelle pour anticiper et ma\u00eetriser ces op\u00e9rations.<\/p>\n<p>Pour Abdelmalek Benabdeljalil, pr\u00e9sident de l\u2019AMSM, \u00able r\u00e9gime de change marocain est en pleine transition. Si les grandes entreprises sont au fait du processus, les PME et TPE sont aussi concern\u00e9es par la forte volatilit\u00e9 des parit\u00e9s de change. Nous voulons rassurer tous ces op\u00e9rateurs soucieux de prot\u00e9ger les marges de leurs entreprises\u00bb.<br \/>\nSelon Berrada Abdelmoutalib, chef de la Division veille r\u00e9glementation au sein de l\u2019Office des changes, \u00abdans une perspective d\u2019accompagnement des op\u00e9rateurs touristiques dans le contexte de l\u2019adoption de la r\u00e9forme du r\u00e9gime de change, l\u2019Office des changes en collaboration avec la banque centrale a r\u00e9glement\u00e9 les op\u00e9rations de couverture contre le risque de change dont les fluctuations des taux d\u2019int\u00e9r\u00eat et les risques inh\u00e9rents \u00e0 tout actif\u00bb. En effet, sous l\u2019impulsion de Bank Al-Maghrib et dans une dynamique d\u2019accompagnement et de pr\u00e9paration de l\u2019\u00e9cosyst\u00e8me \u00e0 la transition vers la flexibilisation du dirham, l\u2019AMSM a con\u00e7u un programme de sensibilisation en faveur de la communaut\u00e9 entrepreneuriale marocaine : importateurs et exportateurs de toute taille pour la familiariser avec l\u2019\u00e9volution du r\u00e9gime de change et la gestion des op\u00e9rations de change.<\/p>\n<p>A l\u2019heure de la seconde phase de la flexibilisation du dirham (\u00e9largissement de la bande de fluctuation \u00e0 + \/- 5% le 9 mars 2020) les enjeux de cette campagne sont importants pour tous les op\u00e9rateurs du march\u00e9 de change. Elle joue un r\u00f4le d\u2019information, de conseil, et de vulgarisation des concepts et fondamentaux de la flexibilisation du dirham afin de mieux anticiper et appr\u00e9hender le risque de change.<br \/>\nA noter que le Maroc s\u2019est dot\u00e9 d\u2019une r\u00e8glementation et mis en place une infrastructure permettant aux entreprises de mieux appr\u00e9cier et g\u00e9rer leur exposition \u00e0 l\u2019international.<br \/>\nAinsi via sa campagne de communication \u00e0 360\u00b0, Infitah active plusieurs canaux. Parmi eux, une tourn\u00e9e r\u00e9gionale qui favorise la proximit\u00e9 et l\u2019\u00e9change avec les entreprises membres de f\u00e9d\u00e9rations r\u00e9gionales professionnelles, d\u2019associations entrepreneuriales\/professionnelles et Chambres de commerce.<\/p>\n<p>Pour rappel, apr\u00e8s Agadir la caravane sillonnera les villes de La\u00e2youne, Marrakech, Tanger, Casablanca et Rabat. La visite aux provinces du Centre est programm\u00e9e pour septembre.<\/p>\n<\/div>\n<p>Auteur: Mohamed Laabid<br \/>\n<a href=\"https:\/\/aujourdhui.ma\/economie\/initiee-par-lassociation-marocaine-des-salles-de-marches-infitah-au-chevet-des-pme-tpe-de-souss-massa\">Cliquez ici pour lire l&rsquo;article depuis sa source.<\/a><\/p>\n","protected":false},"excerpt":{"rendered":"<p>Via sa campagne de communication \u00e0 360\u00b0, Infitah active plusieurs canaux. Parmi eux, une tourn\u00e9e r\u00e9gionale qui favorise la proximit\u00e9 et l\u2019\u00e9change avec les entreprises membres de f\u00e9d\u00e9rations r\u00e9gionales professionnelles, d\u2019associations entrepreneuriales\/professionnelles et Chambres de commerce. Apr\u00e8s Dakhla, la ville d\u2019Agadir a accueilli la deuxi\u00e8me escale de la Caravane Infitah lanc\u00e9e par l\u2019Association marocaine des [&hellip;]<\/p>\n","protected":false},"author":1759,"featured_media":0,"comment_status":"closed","ping_status":"closed","sticky":false,"template":"","format":"standard","meta":{"fifu_image_url":"https:\/\/aujourdhui.ma\/wp-content\/uploads\/2021\/06\/Infitah-au-chevet-des-PME-TPE-de-Souss-Massa-300x153.jpg","fifu_image_alt":"Initi\u00e9e par l\u2019Association marocaine des salles de march\u00e9s : Infitah au chevet des PME-TPE  de Souss-Massa","footnotes":""},"categories":[73,54],"tags":[],"class_list":["post-119150","post","type-post","status-publish","format-standard","hentry","category-actualite","category-maroc"],"_links":{"self":[{"href":"https:\/\/linitiative.ca\/International\/wp-json\/wp\/v2\/posts\/119150","targetHints":{"allow":["GET"]}}],"collection":[{"href":"https:\/\/linitiative.ca\/International\/wp-json\/wp\/v2\/posts"}],"about":[{"href":"https:\/\/linitiative.ca\/International\/wp-json\/wp\/v2\/types\/post"}],"author":[{"embeddable":true,"href":"https:\/\/linitiative.ca\/International\/wp-json\/wp\/v2\/users\/1759"}],"replies":[{"embeddable":true,"href":"https:\/\/linitiative.ca\/International\/wp-json\/wp\/v2\/comments?post=119150"}],"version-history":[{"count":0,"href":"https:\/\/linitiative.ca\/International\/wp-json\/wp\/v2\/posts\/119150\/revisions"}],"wp:attachment":[{"href":"https:\/\/linitiative.ca\/International\/wp-json\/wp\/v2\/media?parent=119150"}],"wp:term":[{"taxonomy":"category","embeddable":true,"href":"https:\/\/linitiative.ca\/International\/wp-json\/wp\/v2\/categories?post=119150"},{"taxonomy":"post_tag","embeddable":true,"href":"https:\/\/linitiative.ca\/International\/wp-json\/wp\/v2\/tags?post=119150"}],"curies":[{"name":"wp","href":"https:\/\/api.w.org\/{rel}","templated":true}]}}