{"id":119152,"date":"2021-06-22T11:00:17","date_gmt":"2021-06-22T15:00:17","guid":{"rendered":"https:\/\/linitiative.ca\/International\/protection-du-patrimoine-la-station-thermale-de-sidi-harazem-en-quete-dun-second-souffle\/"},"modified":"2021-06-22T11:00:17","modified_gmt":"2021-06-22T15:00:17","slug":"protection-du-patrimoine-la-station-thermale-de-sidi-harazem-en-quete-dun-second-souffle","status":"publish","type":"post","link":"https:\/\/linitiative.ca\/International\/protection-du-patrimoine-la-station-thermale-de-sidi-harazem-en-quete-dun-second-souffle\/","title":{"rendered":"Protection du patrimoine : La station thermale de Sidi Harazem en qu\u00eate  d\u2019un second souffle"},"content":{"rendered":"<div>\n<p><img decoding=\"async\" width=\"300\" height=\"153\" src=\"https:\/\/linitiative.ca\/International\/wp-content\/uploads\/sites\/23\/2021\/06\/La-station-thermale-de-Sidi-Harazem-en-quete-dun-second-souffle-300x153-1.jpg\" class=\"attachment-medium size-medium wp-post-image\" alt=\"\" loading=\"lazy\" srcset=\"\/\/aujourdhui.ma\/wp-content\/uploads\/2021\/06\/La-station-thermale-de-Sidi-Harazem-en-quete-dun-second-souffle-300x153.jpg 300w, \/\/aujourdhui.ma\/wp-content\/uploads\/2021\/06\/La-station-thermale-de-Sidi-Harazem-en-quete-dun-second-souffle-274x140.jpg 274w, \/\/aujourdhui.ma\/wp-content\/uploads\/2021\/06\/La-station-thermale-de-Sidi-Harazem-en-quete-dun-second-souffle.jpg 746w, \/\/aujourdhui.ma\/wp-content\/uploads\/2021\/06\/La-station-thermale-de-Sidi-Harazem-en-quete-dun-second-souffle-165x84.jpg 165w, \/\/aujourdhui.ma\/wp-content\/uploads\/2021\/06\/La-station-thermale-de-Sidi-Harazem-en-quete-dun-second-souffle-702x358.jpg 702w\" sizes=\"auto, (max-width: 300px) 100vw, 300px\"><\/p>\n<p><span style=\"color: #800000;\"><strong>Elle a \u00e9t\u00e9 construite par Jean-Fran\u00e7ois Zevaco entre 1959 et 1975. <\/strong><\/span><span id=\"more-379725\"><\/span><\/p>\n<p>Repr\u00e9sentant une v\u00e9ritable oasis brutaliste, la station thermale de Sidi Harazem est un des fleurons du Maroc post- ind\u00e9pendance \u00e0 prot\u00e9ger aujourd\u2019hui. \u00abDot\u00e9 d\u2019une architecture en b\u00e9ton brut \u00e9poustouflante de po\u00e9sie et de prouesses techniques, ce vaste ensemble s\u2019\u00e9tale sur 14,5 hectares, entre oasis luxuriante et collines arides\u00bb, rappellent le promoteur Hamza Slaoui et l\u2019architecte Aziza Chaouni, les deux personnes qui militent aujourd\u2019hui pour la protection du site.<br \/>\nEt c\u2019est gr\u00e2ce au fonds Getty Keeping It Modem, re\u00e7u en 2017, qu\u2019une \u00e9tude de r\u00e9habilitation de la station thermale a pu \u00eatre men\u00e9e par Aziza Chaouni et son \u00e9quipe en collaboration avec les propri\u00e9taires des lieux, la CDG et la municipalit\u00e9 de F\u00e8s. Pour l\u2019heure, en attendant le d\u00e9marrage effectif des travaux de r\u00e9habilitation, ce lieu pittoresque demeure \u00e0 l\u2019abandon. Pire, ses d\u00e9fenseurs appr\u00e9hendent que la d\u00e9marche ne voie jamais le jour. Et c\u2019est pour sensibiliser autour de la probl\u00e9matique et donner vie \u00e0 la station que des talents ont \u00e9t\u00e9 convi\u00e9s pour mettre de l\u2019ambiance et attirer des personnes sensibles \u00e0 l\u2019art et \u00e0 l\u2019architecture.<\/p>\n<p>En t\u00eate d\u2019affiche, la pianiste Dina Bensaid, qui n\u2019est plus \u00e0 pr\u00e9senter est venue se produire dans les antres de Sidi Harazem. L\u2019\u00e9v\u00e9nement qui s\u2019est tenu du 18 au 20 juin a \u00e9galement r\u00e9uni des artistes d\u2019horizons divers (Mohamed El Hachoumi, Jeunes Mazaya, DJ Guedra Guedra, Chef Baya, Simo Sajid, Hassan El Jai, Myriam au citron, Lamia Bennani Smires) ; tous anim\u00e9s de la m\u00eame verve, \u00e0 savoir redonner vie \u00e0 cet espace.<br \/>\nSoutenue par la fondation CDG, l\u2019initiative se veut citoyenne. Elle compte positionner le site en espace de r\u00e9flexion, de cr\u00e9ation et d\u2019action.<br \/>\nTrois temporalit\u00e9s ont \u00e9t\u00e9 retenues pour cela, \u00e0 savoir des \u00e9v\u00e8nements ponctuels, la production d\u2019objets de design fabriqu\u00e9s avec la population localement et un parcours artistique regroupant les \u0153uvres d\u2019artistes jalonn\u00e9es \u00e0 travers la station thermale. Un format de r\u00e9sidence originale pour la protection du patrimoine d\u2019un site connu et reconnu pourtant de tous, mais qui est tomb\u00e9 au fil des ans en d\u00e9su\u00e9tude avec l\u2019ouverture de nouvelles piscines et de march\u00e9s informels.<\/p>\n<p>Aujourd\u2019hui, l\u2019objectif est que cette r\u00e9sidence d\u2019artistes puisse avoir comme impact d\u2019activer le site et sa r\u00e9gion \u00e0 travers des manifestations et des projets culturels s\u2019inscrivant dans le long terme et qui impliquent la population locale.<br \/>\nA suivre\u2026<\/p>\n<\/div>\n<p>Auteur: Dounia Essabban<br \/>\n<a href=\"https:\/\/aujourdhui.ma\/culture\/protection-du-patrimoine-la-station-thermale-de-sidi-harazem-en-quete-dun-second-souffle-1\">Cliquez ici pour lire l&rsquo;article depuis sa source.<\/a><\/p>\n","protected":false},"excerpt":{"rendered":"<p>Elle a \u00e9t\u00e9 construite par Jean-Fran\u00e7ois Zevaco entre 1959 et 1975. Repr\u00e9sentant une v\u00e9ritable oasis brutaliste, la station thermale de Sidi Harazem est un des fleurons du Maroc post- ind\u00e9pendance \u00e0 prot\u00e9ger aujourd\u2019hui. \u00abDot\u00e9 d\u2019une architecture en b\u00e9ton brut \u00e9poustouflante de po\u00e9sie et de prouesses techniques, ce vaste ensemble s\u2019\u00e9tale sur 14,5 hectares, entre oasis [&hellip;]<\/p>\n","protected":false},"author":1759,"featured_media":0,"comment_status":"closed","ping_status":"closed","sticky":false,"template":"","format":"standard","meta":{"fifu_image_url":"https:\/\/aujourdhui.ma\/wp-content\/uploads\/2021\/06\/La-station-thermale-de-Sidi-Harazem-en-quete-dun-second-souffle-300x153.jpg","fifu_image_alt":"Protection du patrimoine : La station thermale de Sidi Harazem en qu\u00eate  d\u2019un second souffle","footnotes":""},"categories":[73,54],"tags":[],"class_list":["post-119152","post","type-post","status-publish","format-standard","hentry","category-actualite","category-maroc"],"_links":{"self":[{"href":"https:\/\/linitiative.ca\/International\/wp-json\/wp\/v2\/posts\/119152","targetHints":{"allow":["GET"]}}],"collection":[{"href":"https:\/\/linitiative.ca\/International\/wp-json\/wp\/v2\/posts"}],"about":[{"href":"https:\/\/linitiative.ca\/International\/wp-json\/wp\/v2\/types\/post"}],"author":[{"embeddable":true,"href":"https:\/\/linitiative.ca\/International\/wp-json\/wp\/v2\/users\/1759"}],"replies":[{"embeddable":true,"href":"https:\/\/linitiative.ca\/International\/wp-json\/wp\/v2\/comments?post=119152"}],"version-history":[{"count":0,"href":"https:\/\/linitiative.ca\/International\/wp-json\/wp\/v2\/posts\/119152\/revisions"}],"wp:attachment":[{"href":"https:\/\/linitiative.ca\/International\/wp-json\/wp\/v2\/media?parent=119152"}],"wp:term":[{"taxonomy":"category","embeddable":true,"href":"https:\/\/linitiative.ca\/International\/wp-json\/wp\/v2\/categories?post=119152"},{"taxonomy":"post_tag","embeddable":true,"href":"https:\/\/linitiative.ca\/International\/wp-json\/wp\/v2\/tags?post=119152"}],"curies":[{"name":"wp","href":"https:\/\/api.w.org\/{rel}","templated":true}]}}