{"id":119154,"date":"2021-06-22T11:06:03","date_gmt":"2021-06-22T15:06:03","guid":{"rendered":"https:\/\/linitiative.ca\/International\/covid-19-maroc-la-situation-epidemiologique-au-22-juin-2021-a-16h00\/"},"modified":"2021-06-22T11:06:03","modified_gmt":"2021-06-22T15:06:03","slug":"covid-19-maroc-la-situation-epidemiologique-au-22-juin-2021-a-16h00","status":"publish","type":"post","link":"https:\/\/linitiative.ca\/International\/covid-19-maroc-la-situation-epidemiologique-au-22-juin-2021-a-16h00\/","title":{"rendered":"Covid-19 \/ Maroc : La situation \u00e9pid\u00e9miologique au 22 juin 2021 \u00e0 16H00"},"content":{"rendered":"<div>\n<p><img decoding=\"async\" width=\"300\" height=\"153\" src=\"https:\/\/linitiative.ca\/International\/wp-content\/uploads\/sites\/23\/2021\/06\/vaccin-maroc-anti-covid-19-300x153-1.jpg\" class=\"attachment-medium size-medium wp-post-image\" alt=\"\" loading=\"lazy\" srcset=\"\/\/aujourdhui.ma\/wp-content\/uploads\/2021\/03\/vaccin-maroc-anti-covid-19-300x153.jpg 300w, \/\/aujourdhui.ma\/wp-content\/uploads\/2021\/03\/vaccin-maroc-anti-covid-19-274x140.jpg 274w, \/\/aujourdhui.ma\/wp-content\/uploads\/2021\/03\/vaccin-maroc-anti-covid-19.jpg 746w, \/\/aujourdhui.ma\/wp-content\/uploads\/2021\/03\/vaccin-maroc-anti-covid-19-165x84.jpg 165w, \/\/aujourdhui.ma\/wp-content\/uploads\/2021\/03\/vaccin-maroc-anti-covid-19-702x358.jpg 702w\" sizes=\"auto, (max-width: 300px) 100vw, 300px\"><\/p>\n<p><span style=\"color: #800000;\"><span style=\"font-size: 24px;\"><strong>Entre hier \u00e0 16H00 et aujourd\u2019hui \u00e0 16H00<\/strong><\/span><span id=\"more-374899\"><\/span><span id=\"more-375226\"><\/span><span id=\"more-376292\"><\/span><span id=\"more-376389\"><\/span><span id=\"more-377832\"><\/span><span id=\"more-379743\"><\/span><\/span><\/p>\n<p><span style=\"color: #800000;\"><span style=\"color: #000000;\">437<\/span> <\/span>nouveaux cas soit un cumul de 527.174 cas \u00e0 ce jour.<br \/>\n381 gu\u00e9risons soit un cumul de 514.279 \u00e0 ce jour.<br \/>\n3 nouveaux d\u00e9c\u00e8s donc un cumul de 9.247 \u00e0 ce jour.<\/p>\n<p><strong><span style=\"color: #ff0000;\">Nombre de personnes vaccin\u00e9es au 22 juin 16H00<\/span><\/strong><br \/>\n<strong>1\u00e8re dose<\/strong><br \/>\n<span style=\"color: #ff0000;\"><strong>9.594.360<\/strong><\/span><br \/>\n<strong>2\u00e8me dose<\/strong><br \/>\n<span style=\"color: #ff0000;\"><strong>8.451.201<\/strong><\/span><\/p>\n<p><a href=\"https:\/\/linitiative.ca\/International\/wp-content\/uploads\/sites\/23\/2021\/06\/coronavirus22062021_page-0001.jpg\"><img decoding=\"async\" loading=\"lazy\" class=\"aligncenter size-full wp-image-379748\" src=\"https:\/\/linitiative.ca\/International\/wp-content\/uploads\/sites\/23\/2021\/06\/coronavirus22062021_page-0001.jpg\" alt=\"\" width=\"1241\" height=\"1754\" srcset=\"\/\/aujourdhui.ma\/wp-content\/uploads\/2021\/06\/coronavirus22062021_page-0001.jpg 1241w, \/\/aujourdhui.ma\/wp-content\/uploads\/2021\/06\/coronavirus22062021_page-0001-212x300.jpg 212w, \/\/aujourdhui.ma\/wp-content\/uploads\/2021\/06\/coronavirus22062021_page-0001-725x1024.jpg 725w, \/\/aujourdhui.ma\/wp-content\/uploads\/2021\/06\/coronavirus22062021_page-0001-768x1085.jpg 768w, \/\/aujourdhui.ma\/wp-content\/uploads\/2021\/06\/coronavirus22062021_page-0001-1087x1536.jpg 1087w\" sizes=\"auto, (max-width: 1241px) 100vw, 1241px\"><\/a> <a href=\"https:\/\/linitiative.ca\/International\/wp-content\/uploads\/sites\/23\/2021\/06\/coronavirus22062021_page-0002.jpg\"><img decoding=\"async\" loading=\"lazy\" class=\"aligncenter size-full wp-image-379749\" src=\"https:\/\/linitiative.ca\/International\/wp-content\/uploads\/sites\/23\/2021\/06\/coronavirus22062021_page-0002.jpg\" alt=\"\" width=\"1241\" height=\"1754\" srcset=\"\/\/aujourdhui.ma\/wp-content\/uploads\/2021\/06\/coronavirus22062021_page-0002.jpg 1241w, \/\/aujourdhui.ma\/wp-content\/uploads\/2021\/06\/coronavirus22062021_page-0002-212x300.jpg 212w, \/\/aujourdhui.ma\/wp-content\/uploads\/2021\/06\/coronavirus22062021_page-0002-725x1024.jpg 725w, \/\/aujourdhui.ma\/wp-content\/uploads\/2021\/06\/coronavirus22062021_page-0002-768x1085.jpg 768w, \/\/aujourdhui.ma\/wp-content\/uploads\/2021\/06\/coronavirus22062021_page-0002-1087x1536.jpg 1087w\" sizes=\"auto, (max-width: 1241px) 100vw, 1241px\"><\/a> <a href=\"https:\/\/linitiative.ca\/International\/wp-content\/uploads\/sites\/23\/2021\/06\/coronavirus22062021_page-0003.jpg\"><img decoding=\"async\" loading=\"lazy\" class=\"aligncenter size-full wp-image-379750\" src=\"https:\/\/linitiative.ca\/International\/wp-content\/uploads\/sites\/23\/2021\/06\/coronavirus22062021_page-0003.jpg\" alt=\"\" width=\"1241\" height=\"1754\" srcset=\"\/\/aujourdhui.ma\/wp-content\/uploads\/2021\/06\/coronavirus22062021_page-0003.jpg 1241w, \/\/aujourdhui.ma\/wp-content\/uploads\/2021\/06\/coronavirus22062021_page-0003-212x300.jpg 212w, \/\/aujourdhui.ma\/wp-content\/uploads\/2021\/06\/coronavirus22062021_page-0003-725x1024.jpg 725w, \/\/aujourdhui.ma\/wp-content\/uploads\/2021\/06\/coronavirus22062021_page-0003-768x1085.jpg 768w, \/\/aujourdhui.ma\/wp-content\/uploads\/2021\/06\/coronavirus22062021_page-0003-1087x1536.jpg 1087w\" sizes=\"auto, (max-width: 1241px) 100vw, 1241px\"><\/a> <a href=\"https:\/\/linitiative.ca\/International\/wp-content\/uploads\/sites\/23\/2021\/06\/coronavirus22062021_page-0004.jpg\"><img decoding=\"async\" loading=\"lazy\" class=\"aligncenter size-full wp-image-379751\" src=\"https:\/\/linitiative.ca\/International\/wp-content\/uploads\/sites\/23\/2021\/06\/coronavirus22062021_page-0004.jpg\" alt=\"\" width=\"1241\" height=\"1754\" srcset=\"\/\/aujourdhui.ma\/wp-content\/uploads\/2021\/06\/coronavirus22062021_page-0004.jpg 1241w, \/\/aujourdhui.ma\/wp-content\/uploads\/2021\/06\/coronavirus22062021_page-0004-212x300.jpg 212w, \/\/aujourdhui.ma\/wp-content\/uploads\/2021\/06\/coronavirus22062021_page-0004-725x1024.jpg 725w, \/\/aujourdhui.ma\/wp-content\/uploads\/2021\/06\/coronavirus22062021_page-0004-768x1085.jpg 768w, \/\/aujourdhui.ma\/wp-content\/uploads\/2021\/06\/coronavirus22062021_page-0004-1087x1536.jpg 1087w\" sizes=\"auto, (max-width: 1241px) 100vw, 1241px\"><\/a> <a href=\"https:\/\/linitiative.ca\/International\/wp-content\/uploads\/sites\/23\/2021\/06\/coronavirus22062021_page-0005.jpg\"><img decoding=\"async\" loading=\"lazy\" class=\"aligncenter size-full wp-image-379752\" src=\"https:\/\/linitiative.ca\/International\/wp-content\/uploads\/sites\/23\/2021\/06\/coronavirus22062021_page-0005.jpg\" alt=\"\" width=\"1754\" height=\"1241\" srcset=\"\/\/aujourdhui.ma\/wp-content\/uploads\/2021\/06\/coronavirus22062021_page-0005.jpg 1754w, \/\/aujourdhui.ma\/wp-content\/uploads\/2021\/06\/coronavirus22062021_page-0005-300x212.jpg 300w, \/\/aujourdhui.ma\/wp-content\/uploads\/2021\/06\/coronavirus22062021_page-0005-1024x725.jpg 1024w, \/\/aujourdhui.ma\/wp-content\/uploads\/2021\/06\/coronavirus22062021_page-0005-768x543.jpg 768w, \/\/aujourdhui.ma\/wp-content\/uploads\/2021\/06\/coronavirus22062021_page-0005-1536x1087.jpg 1536w\" sizes=\"auto, (max-width: 1754px) 100vw, 1754px\"><\/a><\/p>\n<\/div>\n<p>Auteur: ALM<br \/>\n<a href=\"https:\/\/aujourdhui.ma\/societe\/covid-19-maroc-la-situation-epidemiologique-au-22-juin-2021-a-16h00\">Cliquez ici pour lire l&rsquo;article depuis sa source.<\/a><\/p>\n","protected":false},"excerpt":{"rendered":"<p>Entre hier \u00e0 16H00 et aujourd\u2019hui \u00e0 16H00 437 nouveaux cas soit un cumul de 527.174 cas \u00e0 ce jour. 381 gu\u00e9risons soit un cumul de 514.279 \u00e0 ce jour. 3 nouveaux d\u00e9c\u00e8s donc un cumul de 9.247 \u00e0 ce jour. Nombre de personnes vaccin\u00e9es au 22 juin 16H00 1\u00e8re dose 9.594.360 2\u00e8me dose 8.451.201 [&hellip;]<\/p>\n","protected":false},"author":1759,"featured_media":0,"comment_status":"closed","ping_status":"closed","sticky":false,"template":"","format":"standard","meta":{"fifu_image_url":"https:\/\/aujourdhui.ma\/wp-content\/uploads\/2021\/03\/vaccin-maroc-anti-covid-19-300x153.jpg","fifu_image_alt":"Covid-19 \/ Maroc : La situation \u00e9pid\u00e9miologique au 22 juin 2021 \u00e0 16H00","footnotes":""},"categories":[73,54],"tags":[],"class_list":["post-119154","post","type-post","status-publish","format-standard","hentry","category-actualite","category-maroc"],"_links":{"self":[{"href":"https:\/\/linitiative.ca\/International\/wp-json\/wp\/v2\/posts\/119154","targetHints":{"allow":["GET"]}}],"collection":[{"href":"https:\/\/linitiative.ca\/International\/wp-json\/wp\/v2\/posts"}],"about":[{"href":"https:\/\/linitiative.ca\/International\/wp-json\/wp\/v2\/types\/post"}],"author":[{"embeddable":true,"href":"https:\/\/linitiative.ca\/International\/wp-json\/wp\/v2\/users\/1759"}],"replies":[{"embeddable":true,"href":"https:\/\/linitiative.ca\/International\/wp-json\/wp\/v2\/comments?post=119154"}],"version-history":[{"count":0,"href":"https:\/\/linitiative.ca\/International\/wp-json\/wp\/v2\/posts\/119154\/revisions"}],"wp:attachment":[{"href":"https:\/\/linitiative.ca\/International\/wp-json\/wp\/v2\/media?parent=119154"}],"wp:term":[{"taxonomy":"category","embeddable":true,"href":"https:\/\/linitiative.ca\/International\/wp-json\/wp\/v2\/categories?post=119154"},{"taxonomy":"post_tag","embeddable":true,"href":"https:\/\/linitiative.ca\/International\/wp-json\/wp\/v2\/tags?post=119154"}],"curies":[{"name":"wp","href":"https:\/\/api.w.org\/{rel}","templated":true}]}}