{"id":119161,"date":"2021-06-22T11:35:59","date_gmt":"2021-06-22T15:35:59","guid":{"rendered":"https:\/\/linitiative.ca\/International\/la-cgem-elue-membre-du-conseil-dadministration-de-loit\/"},"modified":"2021-06-22T11:35:59","modified_gmt":"2021-06-22T15:35:59","slug":"la-cgem-elue-membre-du-conseil-dadministration-de-loit","status":"publish","type":"post","link":"https:\/\/linitiative.ca\/International\/la-cgem-elue-membre-du-conseil-dadministration-de-loit\/","title":{"rendered":"La CGEM \u00e9lue membre du Conseil d\u2019administration de l\u2019OIT"},"content":{"rendered":"<div>\n<p><img decoding=\"async\" width=\"300\" height=\"153\" src=\"https:\/\/linitiative.ca\/International\/wp-content\/uploads\/sites\/23\/2021\/06\/Hicham-Zouanat-300x153-1.jpg\" class=\"attachment-medium size-medium wp-post-image\" alt=\"\" loading=\"lazy\" srcset=\"\/\/aujourdhui.ma\/wp-content\/uploads\/2021\/06\/Hicham-Zouanat-300x153.jpg 300w, \/\/aujourdhui.ma\/wp-content\/uploads\/2021\/06\/Hicham-Zouanat-274x140.jpg 274w, \/\/aujourdhui.ma\/wp-content\/uploads\/2021\/06\/Hicham-Zouanat.jpg 746w, \/\/aujourdhui.ma\/wp-content\/uploads\/2021\/06\/Hicham-Zouanat-165x84.jpg 165w, \/\/aujourdhui.ma\/wp-content\/uploads\/2021\/06\/Hicham-Zouanat-702x358.jpg 702w\" sizes=\"auto, (max-width: 300px) 100vw, 300px\"><\/p>\n<p><strong>La Conf\u00e9d\u00e9ration g\u00e9n\u00e9rale des entreprises du Maroc (CGEM), repr\u00e9sent\u00e9e par Hicham Zouanat, pr\u00e9sident de sa commission sociale, a \u00e9t\u00e9 \u00e9lue membre du Conseil d\u2019administration de l\u2019Organisation Internationale du Travail (OIT).<\/strong><span id=\"more-379755\"><\/span><\/p>\n<p>Les suffrages exprim\u00e9s, mercredi dernier, par les d\u00e9l\u00e9gu\u00e9s des employeurs repr\u00e9sentant les employeurs des 5 continents, ont permis d\u2019\u00e9lire les membres qui les repr\u00e9senteront au sein de ce Conseil d\u2019administration, organe ex\u00e9cutif de l\u2019OIT, pour le mandat 2021-2024, indique la CGEM dans un communiqu\u00e9.<\/p>\n<p>Ces \u00e9lections ont \u00e9t\u00e9 organis\u00e9es en marge de la conf\u00e9rence internationale du travail, consid\u00e9r\u00e9e comme le \u00ab\u00a0parlement international du travail\u00a0\u00bb, fais savoir la m\u00eame source, pr\u00e9cisant que la conf\u00e9rence, qui \u00e9tait initialement pr\u00e9vue en juin 2020, avait \u00e9t\u00e9 report\u00e9e \u00e0 la p\u00e9riode entre le 7 et 19 juin, en raison de la pand\u00e9mie du Covid-19.<\/p>\n<p>Et de noter que cette ann\u00e9e, cet \u00e9v\u00e9nement s\u2019est tenu en distanciel sous la pr\u00e9sidence du Maroc. Les repr\u00e9sentants des gouvernements, des travailleurs et des employeurs de 187 \u00c9tats membres de l\u2019OIT ont r\u00e9pondu pr\u00e9sents, pour discuter de sujets relatifs au monde du travail, de questions sociales et de la reprise post-Covid centr\u00e9e sur l\u2019humain.<\/p>\n<\/div>\n<p>Auteur: ALM<br \/>\n<a href=\"https:\/\/aujourdhui.ma\/actualite\/la-cgem-elue-membre-du-conseil-dadministration-de-loit\">Cliquez ici pour lire l&rsquo;article depuis sa source.<\/a><\/p>\n","protected":false},"excerpt":{"rendered":"<p>La Conf\u00e9d\u00e9ration g\u00e9n\u00e9rale des entreprises du Maroc (CGEM), repr\u00e9sent\u00e9e par Hicham Zouanat, pr\u00e9sident de sa commission sociale, a \u00e9t\u00e9 \u00e9lue membre du Conseil d\u2019administration de l\u2019Organisation Internationale du Travail (OIT). Les suffrages exprim\u00e9s, mercredi dernier, par les d\u00e9l\u00e9gu\u00e9s des employeurs repr\u00e9sentant les employeurs des 5 continents, ont permis d\u2019\u00e9lire les membres qui les repr\u00e9senteront au [&hellip;]<\/p>\n","protected":false},"author":1759,"featured_media":0,"comment_status":"closed","ping_status":"closed","sticky":false,"template":"","format":"standard","meta":{"fifu_image_url":"https:\/\/aujourdhui.ma\/wp-content\/uploads\/2021\/06\/Hicham-Zouanat-300x153.jpg","fifu_image_alt":"La CGEM \u00e9lue membre du Conseil d\u2019administration de l\u2019OIT","footnotes":""},"categories":[73,54],"tags":[],"class_list":["post-119161","post","type-post","status-publish","format-standard","hentry","category-actualite","category-maroc"],"_links":{"self":[{"href":"https:\/\/linitiative.ca\/International\/wp-json\/wp\/v2\/posts\/119161","targetHints":{"allow":["GET"]}}],"collection":[{"href":"https:\/\/linitiative.ca\/International\/wp-json\/wp\/v2\/posts"}],"about":[{"href":"https:\/\/linitiative.ca\/International\/wp-json\/wp\/v2\/types\/post"}],"author":[{"embeddable":true,"href":"https:\/\/linitiative.ca\/International\/wp-json\/wp\/v2\/users\/1759"}],"replies":[{"embeddable":true,"href":"https:\/\/linitiative.ca\/International\/wp-json\/wp\/v2\/comments?post=119161"}],"version-history":[{"count":0,"href":"https:\/\/linitiative.ca\/International\/wp-json\/wp\/v2\/posts\/119161\/revisions"}],"wp:attachment":[{"href":"https:\/\/linitiative.ca\/International\/wp-json\/wp\/v2\/media?parent=119161"}],"wp:term":[{"taxonomy":"category","embeddable":true,"href":"https:\/\/linitiative.ca\/International\/wp-json\/wp\/v2\/categories?post=119161"},{"taxonomy":"post_tag","embeddable":true,"href":"https:\/\/linitiative.ca\/International\/wp-json\/wp\/v2\/tags?post=119161"}],"curies":[{"name":"wp","href":"https:\/\/api.w.org\/{rel}","templated":true}]}}