{"id":119163,"date":"2021-06-21T14:00:00","date_gmt":"2021-06-21T18:00:00","guid":{"rendered":"https:\/\/linitiative.ca\/International\/lambassade-du-maroc-contribue-a-soulager-les-souffrances-de-la-population-defavorisee-de-buenos-aires\/"},"modified":"2021-06-21T14:00:00","modified_gmt":"2021-06-21T18:00:00","slug":"lambassade-du-maroc-contribue-a-soulager-les-souffrances-de-la-population-defavorisee-de-buenos-aires","status":"publish","type":"post","link":"https:\/\/linitiative.ca\/International\/lambassade-du-maroc-contribue-a-soulager-les-souffrances-de-la-population-defavorisee-de-buenos-aires\/","title":{"rendered":"L\u2019Ambassade du Maroc contribue \u00e0 soulager les souffrances de la population d\u00e9favoris\u00e9e de Buenos Aires"},"content":{"rendered":"<div>\n<p class=\"has-text-align-center has-vivid-red-color has-text-color\"><strong>Don alimentaire<\/strong><\/p>\n<p class=\"has-black-color has-text-color\"><strong>L\u2019Ambassade du Maroc en Argentine a fait un don de produits alimentaires de base au profit d\u2019une fondation locale qui vient en aide aux personnes n\u00e9cessiteuses de la capitale argentine.<\/strong><\/p>\n<p class=\"has-black-color has-text-color\">Le don, compos\u00e9 de quelque 800 kg de produits alimentaires, a \u00e9t\u00e9 remis par l\u2019ambassadeur du Royaume \u00e0 Buenos Aires, Yassir Fares, au responsable des relations institutionnelles de la Fondation \u00ab Abraza Argentina \u00bb, le pasteur Pablo Repetto.<\/p>\n<p class=\"has-black-color has-text-color\">Dans une d\u00e9claration samedi \u00e0 la MAP, Repetto a remerci\u00e9 l\u2019ambassade pour ce \u00ab don g\u00e9n\u00e9reux qui va permettre \u00e0 la Fondation de soulager la population d\u00e9favoris\u00e9e dans les quartiers tr\u00e8s modestes et d\u00e9favoris\u00e9s \u00bb du sud de la capitale.<\/p>\n<p class=\"has-black-color has-text-color\">Le travail de la Fondation \u00ab Abraza Argentina \u00bb, a expliqu\u00e9 Repetto, consiste en la pr\u00e9paration et la distribution de repas aux familles qui traversent une situation compliqu\u00e9e dans le contexte de la pand\u00e9mie du coronavirus \u00e0 cause de la perte d\u2019emplois et des sources de revenus.<\/p>\n<p class=\"has-black-color has-text-color\">Le soutien apport\u00e9 par l\u2019ambassade du Royaume contribuera sans nul doute \u00e0 apaiser un tant soit peu les peines des habitants des quartiers cibl\u00e9s par la Fondation dans le sud de Buenos Aires, a ajout\u00e9 le pasteur Repetto.<br \/>Selon le dernier rapport 2020 de l\u2019institut des statistiques en Argentine, quelque 42% de la population souffre de la pauvret\u00e9, soit 6,5% de plus que l\u2019indice de pauvret\u00e9 observ\u00e9 en 2019, \u00e0 cause des effets \u00e9conomiques de la pand\u00e9mie.<\/p>\n<p>L\u2019article <a rel=\"nofollow\" href=\"http:\/\/albayane.press.ma\/lambassade-du-maroc-contribue-a-soulager-les-souffrances-de-la-population-defavorisee-de-buenos-aires.html\">L\u2019Ambassade du Maroc contribue \u00e0 soulager les souffrances de la population d\u00e9favoris\u00e9e de Buenos Aires<\/a> est apparu en premier sur <a rel=\"nofollow\" href=\"http:\/\/albayane.press.ma\/\">ALBAYANE<\/a>.<\/p>\n<\/div>\n<p>Auteur: M&rsquo;hammed rahal<br \/>\n<a href=\"http:\/\/albayane.press.ma\/lambassade-du-maroc-contribue-a-soulager-les-souffrances-de-la-population-defavorisee-de-buenos-aires.html\">Cliquez ici pour lire l&rsquo;article depuis sa source.<\/a><\/p>\n","protected":false},"excerpt":{"rendered":"<p>Don alimentaire L\u2019Ambassade du Maroc en Argentine a fait un don de produits alimentaires de base au profit d\u2019une fondation locale qui vient en aide aux personnes n\u00e9cessiteuses de la capitale argentine. Le don, compos\u00e9 de quelque 800 kg de produits alimentaires, a \u00e9t\u00e9 remis par l\u2019ambassadeur du Royaume \u00e0 Buenos Aires, Yassir Fares, au [&hellip;]<\/p>\n","protected":false},"author":1760,"featured_media":0,"comment_status":"closed","ping_status":"closed","sticky":false,"template":"","format":"standard","meta":{"fifu_image_url":"","fifu_image_alt":"","footnotes":""},"categories":[73,54],"tags":[],"class_list":["post-119163","post","type-post","status-publish","format-standard","hentry","category-actualite","category-maroc"],"_links":{"self":[{"href":"https:\/\/linitiative.ca\/International\/wp-json\/wp\/v2\/posts\/119163","targetHints":{"allow":["GET"]}}],"collection":[{"href":"https:\/\/linitiative.ca\/International\/wp-json\/wp\/v2\/posts"}],"about":[{"href":"https:\/\/linitiative.ca\/International\/wp-json\/wp\/v2\/types\/post"}],"author":[{"embeddable":true,"href":"https:\/\/linitiative.ca\/International\/wp-json\/wp\/v2\/users\/1760"}],"replies":[{"embeddable":true,"href":"https:\/\/linitiative.ca\/International\/wp-json\/wp\/v2\/comments?post=119163"}],"version-history":[{"count":0,"href":"https:\/\/linitiative.ca\/International\/wp-json\/wp\/v2\/posts\/119163\/revisions"}],"wp:attachment":[{"href":"https:\/\/linitiative.ca\/International\/wp-json\/wp\/v2\/media?parent=119163"}],"wp:term":[{"taxonomy":"category","embeddable":true,"href":"https:\/\/linitiative.ca\/International\/wp-json\/wp\/v2\/categories?post=119163"},{"taxonomy":"post_tag","embeddable":true,"href":"https:\/\/linitiative.ca\/International\/wp-json\/wp\/v2\/tags?post=119163"}],"curies":[{"name":"wp","href":"https:\/\/api.w.org\/{rel}","templated":true}]}}