{"id":119164,"date":"2021-06-21T14:00:00","date_gmt":"2021-06-21T18:00:00","guid":{"rendered":"https:\/\/linitiative.ca\/International\/la-federation-nationale-du-secteur-agricole-umt-rafle-tous-les-sieges\/"},"modified":"2021-06-21T14:00:00","modified_gmt":"2021-06-21T18:00:00","slug":"la-federation-nationale-du-secteur-agricole-umt-rafle-tous-les-sieges","status":"publish","type":"post","link":"https:\/\/linitiative.ca\/International\/la-federation-nationale-du-secteur-agricole-umt-rafle-tous-les-sieges\/","title":{"rendered":"La F\u00e9d\u00e9ration Nationale du Secteur Agricole (UMT) rafle tous les si\u00e8ges"},"content":{"rendered":"<div>\n<p class=\"has-text-align-center has-vivid-cyan-blue-color has-text-color\"><strong>Commissions paritaires dans l\u2019Oriental<\/strong><\/p>\n<p class=\"has-black-color has-text-color\"><strong>La F\u00e9d\u00e9ration Nationale du Secteur Agricole (FNSA) affili\u00e9e \u00e0 l\u2019UMT remporte les \u00e9lections des commissions administratives paritaires durant \u00a0le scrutin du 16 juin 2021\u00a0 avec 11 repr\u00e9sentants du personnel membre titulaire et 11 repr\u00e9sentants suppl\u00e9ants \u00e0 l\u2019occasion de ces \u00e9lections \u00e0 l\u2019\u00e9chelle de la r\u00e9gion de l\u2019oriental, soit 100%. Ainsi les r\u00e9sultats obtenus selon les 6 listes sont comme suit\u00a0:<\/strong><\/p>\n<p class=\"has-black-color has-text-color\">Liste pour le grade des adjoints techniques ( 2 \/ 2 )<\/p>\n<p class=\"has-black-color has-text-color\">Liste pour le grade des adjoints administratifs ( 2 \/ 2 )<\/p>\n<p class=\"has-black-color has-text-color\">Liste pour le grade des techniciens ( 2 \/ 2 )<\/p>\n<p>Liste pour le grade des administrateurs ( 1 \/ 1 )<\/p>\n<p class=\"has-black-color has-text-color\">Liste pour le grade des ing\u00e9nieurs d\u2019Etat\u00a0 ( 2 \/ 2 )<\/p>\n<p class=\"has-black-color has-text-color\">Liste pour le grade des ing\u00e9nieurs en chef ( 2 \/ 2 )<\/p>\n<p class=\"has-black-color has-text-color\">Selon les repr\u00e9sentants de ce syndicat \u00e0 l\u2019\u00e9chelle de la r\u00e9gion, \u00a0par ce vote massif au profit de leur organisation syndicale les fonctionnaires en position d\u2019activit\u00e9 et les fonctionnaires en position de d\u00e9tachement ont choisi les repr\u00e9sentants du syndicat qui, \u00e0 leurs yeux, repr\u00e9sentent le s\u00e9rieux, la cr\u00e9dibilit\u00e9 et la parole.<\/p>\n<p class=\"has-black-color has-text-color\">Aussi, d\u00e9clarent-ils que ce r\u00e9sultat t\u00e9moigne d\u2019une unit\u00e9 exemplaire instaur\u00e9e depuis plus de deux d\u00e9cennies\u00a0 entre les militantes et les militants de la FNSA \u2013 UMT au sein des diff\u00e9rentes organisations agricoles d\u00e9concentr\u00e9es \u00e0 l\u2019\u00e9chelle de la r\u00e9gion de l\u2019Oriental. Ils ajoutent que ce r\u00e9sultat est le fruit \u00a0d\u2019un travail collectif organis\u00e9 et continu, le fruit du travail d\u2019une \u00e9quipe convaincue que l\u2019atteinte des objectifs au niveau de toute activit\u00e9 syndicale exige l\u2019empathie, le travail de terrain, le travail de proximit\u00e9, l\u2019engagement, le militantisme, le respect de l\u2019autre, la d\u00e9mocratie interne, la transparence, la communication effective avec la base, etc.<\/p>\n<p class=\"has-black-color has-text-color\">En commentant les r\u00e9sultats obtenu durant ce scrutin, un ancien responsable syndical de la FNSA au niveau de la r\u00e9gion de l\u2019oriental avance que \u00a0les r\u00e9sultats obtenus ne sont pas le fruit du hasard. Ils confirment l\u2019orientation progressiste da la FNSA \u2013 UMT et sa cr\u00e9dibilit\u00e9 aupr\u00e8s des ouvriers agricoles des paysans sans terre, des\u00a0 fonctionnaires et des employ\u00e9s du d\u00e9partement de l\u2019agriculture, des eaux et for\u00eats et des p\u00eaches maritimes. Il ajoute que ce r\u00e9sultat est obtenu gr\u00e2ce \u00e0 la mobilisation totale\u00a0 de tous les militants de la FNSA au sein de cette r\u00e9gion qui ont travaill\u00e9 d\u2019arrache-pied depuis des ann\u00e9es, et que ce r\u00e9sultat \u00a0n\u2019est que la r\u00e9colte d\u2019un produit issu d\u2019une tr\u00e8s bonne organisation des entit\u00e9s syndicales et d\u2019une communication effective entre les diff\u00e9rentes structures provinciales de la FNSA \u2013 UMT \u00e0 l\u2019\u00e9chelle de la r\u00e9gion.<\/p>\n<p class=\"has-black-color has-text-color\">Le m\u00eame responsable syndical juge enfin que le r\u00e9sultat obtenu par son syndicat est encourageant et exhorte les militants \u00e0 d\u00e9ployer davantage d\u2019efforts dans le sens de l\u2019unit\u00e9 syndicale et dans le sens de l\u2019atteinte des objectifs globaux de la FNSA \u2013 UMT \u00e0 savoir \u00a0le maintien des acquis, un avenir meilleur et une am\u00e9lioration des conditions de vie des ouvriers agricoles, des paysans sans terre, des fonctionnaires et des employ\u00e9s du d\u00e9partement de l\u2019agriculture, des eaux et for\u00eats et des p\u00eaches maritimes.<\/p>\n<p class=\"has-black-color has-text-color\">Mohammed Ben Hafoune<\/p>\n<p>L\u2019article <a rel=\"nofollow\" href=\"http:\/\/albayane.press.ma\/la-federation-nationale-du-secteur-agricole-umt-rafle-tous-les-sieges.html\">La F\u00e9d\u00e9ration Nationale du Secteur Agricole (UMT) rafle tous les si\u00e8ges<\/a> est apparu en premier sur <a rel=\"nofollow\" href=\"http:\/\/albayane.press.ma\/\">ALBAYANE<\/a>.<\/p>\n<\/div>\n<p>Auteur: M&rsquo;hammed rahal<br \/>\n<a href=\"http:\/\/albayane.press.ma\/la-federation-nationale-du-secteur-agricole-umt-rafle-tous-les-sieges.html\">Cliquez ici pour lire l&rsquo;article depuis sa source.<\/a><\/p>\n","protected":false},"excerpt":{"rendered":"<p>Commissions paritaires dans l\u2019Oriental La F\u00e9d\u00e9ration Nationale du Secteur Agricole (FNSA) affili\u00e9e \u00e0 l\u2019UMT remporte les \u00e9lections des commissions administratives paritaires durant \u00a0le scrutin du 16 juin 2021\u00a0 avec 11 repr\u00e9sentants du personnel membre titulaire et 11 repr\u00e9sentants suppl\u00e9ants \u00e0 l\u2019occasion de ces \u00e9lections \u00e0 l\u2019\u00e9chelle de la r\u00e9gion de l\u2019oriental, soit 100%. Ainsi les [&hellip;]<\/p>\n","protected":false},"author":1760,"featured_media":0,"comment_status":"closed","ping_status":"closed","sticky":false,"template":"","format":"standard","meta":{"fifu_image_url":"","fifu_image_alt":"","footnotes":""},"categories":[73,54],"tags":[],"class_list":["post-119164","post","type-post","status-publish","format-standard","hentry","category-actualite","category-maroc"],"_links":{"self":[{"href":"https:\/\/linitiative.ca\/International\/wp-json\/wp\/v2\/posts\/119164","targetHints":{"allow":["GET"]}}],"collection":[{"href":"https:\/\/linitiative.ca\/International\/wp-json\/wp\/v2\/posts"}],"about":[{"href":"https:\/\/linitiative.ca\/International\/wp-json\/wp\/v2\/types\/post"}],"author":[{"embeddable":true,"href":"https:\/\/linitiative.ca\/International\/wp-json\/wp\/v2\/users\/1760"}],"replies":[{"embeddable":true,"href":"https:\/\/linitiative.ca\/International\/wp-json\/wp\/v2\/comments?post=119164"}],"version-history":[{"count":0,"href":"https:\/\/linitiative.ca\/International\/wp-json\/wp\/v2\/posts\/119164\/revisions"}],"wp:attachment":[{"href":"https:\/\/linitiative.ca\/International\/wp-json\/wp\/v2\/media?parent=119164"}],"wp:term":[{"taxonomy":"category","embeddable":true,"href":"https:\/\/linitiative.ca\/International\/wp-json\/wp\/v2\/categories?post=119164"},{"taxonomy":"post_tag","embeddable":true,"href":"https:\/\/linitiative.ca\/International\/wp-json\/wp\/v2\/tags?post=119164"}],"curies":[{"name":"wp","href":"https:\/\/api.w.org\/{rel}","templated":true}]}}