{"id":119165,"date":"2021-06-21T14:00:00","date_gmt":"2021-06-21T18:00:00","guid":{"rendered":"https:\/\/linitiative.ca\/International\/une-premiere-edition-pour-honorer-les-pilotes\/"},"modified":"2021-06-21T14:00:00","modified_gmt":"2021-06-21T18:00:00","slug":"une-premiere-edition-pour-honorer-les-pilotes","status":"publish","type":"post","link":"https:\/\/linitiative.ca\/International\/une-premiere-edition-pour-honorer-les-pilotes\/","title":{"rendered":"Une premi\u00e8re \u00e9dition pour honorer les pilotes"},"content":{"rendered":"<div>\n<p class=\"has-text-align-center has-vivid-red-color has-text-color\"><strong>Morocco Karting Awards<\/strong><\/p>\n<p class=\"has-black-color has-text-color\"><strong>La F\u00e9d\u00e9ration Royale Marocaine des Sports Automobiles (FRMSA) a organis\u00e9 vendredi 18 juin 2021 \u00e0 Casablanca la premi\u00e8re \u00e9dition des Morocco Karting Awards. Cette c\u00e9r\u00e9monie a eu comme objectif d\u2019honorer les pilotes ayant particip\u00e9 au Troph\u00e9e FRMSA et \u00e0 la Coupe du Tr\u00f4ne de karting pour le compte de la saison 2020-2021. Un \u00e9v\u00e9nement marqu\u00e9 par la pr\u00e9sence des parents des pilotes, de membres de la grande famille des sports automobiles ainsi que de certains acteurs du monde \u00e9conomique.<\/strong><\/p>\n<p class=\"has-black-color has-text-color\">En pr\u00e9ambule, Monsieur Youssef Zahidi, pr\u00e9sident de la FRMSA, s\u2019est adress\u00e9 \u00e0 l\u2019assistance pour se r\u00e9jouir de ces grandes retrouvailles. Il en a profit\u00e9 pour souligner les efforts remarquables d\u00e9ploy\u00e9s par le Royaume, sous la Conduite \u00c9clair\u00e9e de SM le Roi Mohammed VI, que Dieu le Glorifie, pour s\u2019adapter au contexte sanitaire international. Et il a rappel\u00e9 que la FRMSA adh\u00e8re pleinement aux diff\u00e9rents dispositifs mis en place pour combattre cette pand\u00e9mie.<\/p>\n<p class=\"has-black-color has-text-color\">Monsieur Youssef Zahidi s\u2019est \u00e9galement exprim\u00e9 sur les grands axes strat\u00e9giques du plan de d\u00e9veloppement ambitieux de la FRMSA, qui s\u2019inscrivent dans la droite lign\u00e9e des grands principes \u00e9nonc\u00e9s dans la Lettre Royale adress\u00e9e aux participants aux Assises Nationales du Sport en octobre 2008.<\/p>\n<p class=\"has-black-color has-text-color\">Parmi les piliers fondateurs de cette d\u00e9marche structurante men\u00e9e en concertation et partenariat avec le minist\u00e8re de tutelle, figure la priorit\u00e9 absolue accord\u00e9e \u00e0 la formation des jeunes talents. Un passage oblig\u00e9 pour permettre l\u2019\u00e9closion des grands champions de demain.<\/p>\n<p class=\"has-black-color has-text-color\">D\u2019o\u00f9 l\u2019importance du karting, v\u00e9ritable p\u00e9pini\u00e8re \u00e0 champions. Le d\u00e9veloppement de cette discipline est en effet un passage oblig\u00e9, comme l\u2019a soulign\u00e9 le pr\u00e9sident de la FRMSA. Et il a notamment expos\u00e9 les diff\u00e9rents projets en cours, avec le lancement cette saison du Morocco Karting Championship mais \u00e9galement les passerelles mises en place avec la FIA Academy.<\/p>\n<p class=\"has-black-color has-text-color\">Pour finir, il a rappel\u00e9 que lors des prochains FIA Games, v\u00e9ritable coupe du monde des sports automobiles organis\u00e9e en octobre prochain \u00e0 Marseille, le Maroc participera \u00e0 la comp\u00e9tition e-sport sous l\u2019\u00e9gide de la FIA. Une pratique tr\u00e8s pris\u00e9e par la jeunesse. Ceci constitue d\u2019ailleurs une grande premi\u00e8re pour notre pays puisqu\u2019il s\u2019agit d\u2019une comp\u00e9tition officielle inscrite au calendrier international.<\/p>\n<p class=\"has-black-color has-text-color\">Par la suite, des certificats de m\u00e9rite ont \u00e9t\u00e9 distribu\u00e9s \u00e0 l\u2019ensemble des pilotes ayant particip\u00e9 aux comp\u00e9titions de karting. Une c\u00e9r\u00e9monie entrecoup\u00e9e de t\u00e9moignages de quatre pilotes, source de fiert\u00e9 pour le Maroc, qui participent avec brio \u00e0 des comp\u00e9titions automobiles internationales\u00a0: Mehdi Bennani, Michael Benyahia, Sami Taoufik et Suleiman Zenfari.<\/p>\n<p class=\"has-black-color has-text-color\">Par ailleurs, Monsieur Khaled Kabbaj a re\u00e7u le prix sp\u00e9cial des MKA pour rendre hommage aux services qu\u2019il a rendus \u00e0 cette pratique sportive. De son c\u00f4t\u00e9, la National Road Safety Agency a re\u00e7u le prix de l\u2019engagement citoyen pour souligner la d\u00e9marche structurante de cette entit\u00e9 en mati\u00e8re de s\u00e9curit\u00e9 routi\u00e8re.<\/p>\n<p class=\"has-black-color has-text-color\">Au cours de cette c\u00e9r\u00e9monie, ont \u00e9galement \u00e9t\u00e9 pr\u00e9sent\u00e9s des expos\u00e9s sur la prochaine participation du Maroc \u00e0 la MENA Nations Cup de karting \u00e0 Oman (novembre 2021) et aux FIA Games (octobre 2021), ainsi qu\u2019un expos\u00e9 sur la politique de formation de la FRMSA.<\/p>\n<p>L\u2019article <a rel=\"nofollow\" href=\"http:\/\/albayane.press.ma\/une-premiere-edition-pour-honorer-les-pilotes.html\">Une premi\u00e8re \u00e9dition pour honorer les pilotes<\/a> est apparu en premier sur <a rel=\"nofollow\" href=\"http:\/\/albayane.press.ma\/\">ALBAYANE<\/a>.<\/p>\n<\/div>\n<p>Auteur: M&rsquo;hammed rahal<br \/>\n<a href=\"http:\/\/albayane.press.ma\/une-premiere-edition-pour-honorer-les-pilotes.html\">Cliquez ici pour lire l&rsquo;article depuis sa source.<\/a><\/p>\n","protected":false},"excerpt":{"rendered":"<p>Morocco Karting Awards La F\u00e9d\u00e9ration Royale Marocaine des Sports Automobiles (FRMSA) a organis\u00e9 vendredi 18 juin 2021 \u00e0 Casablanca la premi\u00e8re \u00e9dition des Morocco Karting Awards. Cette c\u00e9r\u00e9monie a eu comme objectif d\u2019honorer les pilotes ayant particip\u00e9 au Troph\u00e9e FRMSA et \u00e0 la Coupe du Tr\u00f4ne de karting pour le compte de la saison 2020-2021. [&hellip;]<\/p>\n","protected":false},"author":1760,"featured_media":0,"comment_status":"closed","ping_status":"closed","sticky":false,"template":"","format":"standard","meta":{"fifu_image_url":"","fifu_image_alt":"","footnotes":""},"categories":[73,54],"tags":[],"class_list":["post-119165","post","type-post","status-publish","format-standard","hentry","category-actualite","category-maroc"],"_links":{"self":[{"href":"https:\/\/linitiative.ca\/International\/wp-json\/wp\/v2\/posts\/119165","targetHints":{"allow":["GET"]}}],"collection":[{"href":"https:\/\/linitiative.ca\/International\/wp-json\/wp\/v2\/posts"}],"about":[{"href":"https:\/\/linitiative.ca\/International\/wp-json\/wp\/v2\/types\/post"}],"author":[{"embeddable":true,"href":"https:\/\/linitiative.ca\/International\/wp-json\/wp\/v2\/users\/1760"}],"replies":[{"embeddable":true,"href":"https:\/\/linitiative.ca\/International\/wp-json\/wp\/v2\/comments?post=119165"}],"version-history":[{"count":0,"href":"https:\/\/linitiative.ca\/International\/wp-json\/wp\/v2\/posts\/119165\/revisions"}],"wp:attachment":[{"href":"https:\/\/linitiative.ca\/International\/wp-json\/wp\/v2\/media?parent=119165"}],"wp:term":[{"taxonomy":"category","embeddable":true,"href":"https:\/\/linitiative.ca\/International\/wp-json\/wp\/v2\/categories?post=119165"},{"taxonomy":"post_tag","embeddable":true,"href":"https:\/\/linitiative.ca\/International\/wp-json\/wp\/v2\/tags?post=119165"}],"curies":[{"name":"wp","href":"https:\/\/api.w.org\/{rel}","templated":true}]}}