{"id":119170,"date":"2021-06-22T07:18:13","date_gmt":"2021-06-22T11:18:13","guid":{"rendered":"https:\/\/linitiative.ca\/International\/la-france-fait-don-de-325-000-doses-de-vaccin-a-la-tunisie\/"},"modified":"2021-06-22T07:18:13","modified_gmt":"2021-06-22T11:18:13","slug":"la-france-fait-don-de-325-000-doses-de-vaccin-a-la-tunisie","status":"publish","type":"post","link":"https:\/\/linitiative.ca\/International\/la-france-fait-don-de-325-000-doses-de-vaccin-a-la-tunisie\/","title":{"rendered":"La France fait don de 325 000 doses de vaccin \u00e0 la Tunisie"},"content":{"rendered":"<div>\n<p>Dans une rencontre de presse organis\u00e9e ce mardi 22 juin 2021, l\u2019Ambassadeur de la France en Tunisie Andr\u00e9 Parant a annonc\u00e9 que son pays va faire\u00a0don de 325 000 doses de vaccin anti-covid de type Astrazeneca \u00e0 la Tunisie.<\/p>\n<p>L\u2019ambassadeur a ajout\u00e9 que ce don vient en r\u00e9ponse \u00e0 la demande de la Tunisie qui a sollicit\u00e9 le soutien de la France au vu de ses besoins en vaccins.<\/p>\n<p>L\u2019Ambassadeur a ajout\u00e9 que la cargaison de doses arrivera avant la fin du mois de juin.<br \/>\n<strong>espacemanager<\/strong><\/p>\n<\/div>\n<p>Auteur: L&rsquo;expert<br \/>\n<a href=\"http:\/\/lexpertjournal.net\/fr\/?p=20460\">Cliquez ici pour lire l&rsquo;article depuis sa source.<\/a><\/p>\n","protected":false},"excerpt":{"rendered":"<p>Dans une rencontre de presse organis\u00e9e ce mardi 22 juin 2021, l\u2019Ambassadeur de la France en Tunisie Andr\u00e9 Parant a annonc\u00e9 que son pays va faire\u00a0don de 325 000 doses de vaccin anti-covid de type Astrazeneca \u00e0 la Tunisie. L\u2019ambassadeur a ajout\u00e9 que ce don vient en r\u00e9ponse \u00e0 la demande de la Tunisie qui [&hellip;]<\/p>\n","protected":false},"author":1775,"featured_media":0,"comment_status":"closed","ping_status":"closed","sticky":false,"template":"","format":"standard","meta":{"fifu_image_url":"","fifu_image_alt":"","footnotes":""},"categories":[78,55],"tags":[],"class_list":["post-119170","post","type-post","status-publish","format-standard","hentry","category-economie","category-tunisie"],"_links":{"self":[{"href":"https:\/\/linitiative.ca\/International\/wp-json\/wp\/v2\/posts\/119170","targetHints":{"allow":["GET"]}}],"collection":[{"href":"https:\/\/linitiative.ca\/International\/wp-json\/wp\/v2\/posts"}],"about":[{"href":"https:\/\/linitiative.ca\/International\/wp-json\/wp\/v2\/types\/post"}],"author":[{"embeddable":true,"href":"https:\/\/linitiative.ca\/International\/wp-json\/wp\/v2\/users\/1775"}],"replies":[{"embeddable":true,"href":"https:\/\/linitiative.ca\/International\/wp-json\/wp\/v2\/comments?post=119170"}],"version-history":[{"count":0,"href":"https:\/\/linitiative.ca\/International\/wp-json\/wp\/v2\/posts\/119170\/revisions"}],"wp:attachment":[{"href":"https:\/\/linitiative.ca\/International\/wp-json\/wp\/v2\/media?parent=119170"}],"wp:term":[{"taxonomy":"category","embeddable":true,"href":"https:\/\/linitiative.ca\/International\/wp-json\/wp\/v2\/categories?post=119170"},{"taxonomy":"post_tag","embeddable":true,"href":"https:\/\/linitiative.ca\/International\/wp-json\/wp\/v2\/tags?post=119170"}],"curies":[{"name":"wp","href":"https:\/\/api.w.org\/{rel}","templated":true}]}}