{"id":119173,"date":"2021-06-22T07:33:59","date_gmt":"2021-06-22T11:33:59","guid":{"rendered":"https:\/\/linitiative.ca\/International\/foire-libya-construction-expo-150-participations-tunisiennes-assurees-par-la-chambre-de-commerce-et-dindustrie-de-sfax-tripoli-28-juin-1er-juillet-2021\/"},"modified":"2021-06-22T07:33:59","modified_gmt":"2021-06-22T11:33:59","slug":"foire-libya-construction-expo-150-participations-tunisiennes-assurees-par-la-chambre-de-commerce-et-dindustrie-de-sfax-tripoli-28-juin-1er-juillet-2021","status":"publish","type":"post","link":"https:\/\/linitiative.ca\/International\/foire-libya-construction-expo-150-participations-tunisiennes-assurees-par-la-chambre-de-commerce-et-dindustrie-de-sfax-tripoli-28-juin-1er-juillet-2021\/","title":{"rendered":"Foire \u00ab Libya Construction Expo \u00bb : 150 participations Tunisiennes, assur\u00e9es par la Chambre de Commerce et d\u2019Industrie de Sfax Tripoli 28 juin \u2013 1er juillet 2021"},"content":{"rendered":"<div>\n<p>Sur plus de 1500 m2 s\u2019\u00e9tend la participation Tunisienne \u00e0 la Foire \u00ab\u00a0Libya Construction Expo\u00a0\u00bb, organis\u00e9e \u00e0 Tripoli, du 28 juin au 1<sup>er<\/sup> juillet 2021.<\/p>\n<p>La Chambre de Commerce et d\u2019Industrie de Sfax (CCIS) qui assure cette importante participation, r\u00e9affirme sa position comme l\u2019un des acteurs \u00e9conomiques les plus en vue, dans le monde de l\u2019accompagnement, du d\u00e9veloppement et de la coop\u00e9ration Tuniso-Libyenne.<\/p>\n<p>Quant aux objectifs attendus de cette manifestation, tels que d\u00e9finis par la CCIS, ils sont notamment d\u2019appuyer le positionnement des institutions Tunisiennes sur le march\u00e9 Libyen et d\u2019exploiter les opportunit\u00e9s offertes par les projets de reconstruction de la Libye au profit de nos institutions Tunisiennes d\u2019une part, et d\u2019introduire l\u2019expertise Tunisienne dans le domaine de la construction, de la reconstruction, de l\u2019ing\u00e9nierie des grands projets, d\u2019autre part.<\/p>\n<p>Les 150 exposants Tunisiens participant \u00e0 cet \u00e9v\u00e9nement international, repr\u00e9sentent des\u00a0 institutions \u0153uvrant dans divers domaines de la construction, des travaux publics et des activit\u00e9s connexes, formeront le plus grand rassemblement par rapport au reste des pays participants.<\/p>\n<p>Outre la participation distingu\u00e9e des exposants Tunisiens, la CCIS a planifi\u00e9 un \u00e9v\u00e9nement parall\u00e8le aux activit\u00e9s de la Foire, en organisant le premier Forum sectoriel Tuniso-Libyen dans le secteur du B\u00e2timent et des Travaux Publics, sous l\u2019\u00e9gide du Ministre de l\u2019Equipement, du Logement et des Infrastructures M. Kamal Doukh.<\/p>\n<p>Il est pr\u00e9vu, aussi que M. Mohamed BOUSSAID, Ministre du Commerce et du D\u00e9veloppement des Exportations, ainsi que son homologue Libyen, M. Mohamed Al-Haweij, Ministre de l\u2019Economie et du Commerce, honoreront l\u2019ouverture de cet \u00e9v\u00e9nement. <strong>\u00a0\u00a0\u00a0\u00a0\u00a0\u00a0\u00a0\u00a0\u00a0\u00a0\u00a0\u00a0\u00a0\u00a0\u00a0\u00a0\u00a0\u00a0\u00a0\u00a0\u00a0\u00a0\u00a0\u00a0\u00a0\u00a0\u00a0\u00a0\u00a0\u00a0\u00a0\u00a0\u00a0\u00a0\u00a0\u00a0\u00a0\u00a0\u00a0\u00a0\u00a0\u00a0\u00a0\u00a0\u00a0\u00a0\u00a0\u00a0\u00a0\u00a0\u00a0\u00a0\u00a0\u00a0\u00a0\u00a0\u00a0\u00a0\u00a0\u00a0\u00a0\u00a0\u00a0\u00a0\u00a0\u00a0\u00a0\u00a0\u00a0\u00a0\u00a0\u00a0\u00a0\u00a0\u00a0\u00a0\u00a0\u00a0\u00a0\u00a0\u00a0\u00a0\u00a0\u00a0\u00a0\u00a0\u00a0\u00a0\u00a0\u00a0 \u00a0\u00a0\u00a0\u00a0\u00a0\u00a0\u00a0\u00a0\u00a0\u00a0\u00a0 \u00a0\u00a0\u00a0\u00a0\u00a0\u00a0\u00a0\u00a0\u00a0\u00a0\u00a0\u00a0\u00a0\u00a0\u00a0\u00a0\u00a0\u00a0\u00a0\u00a0\u00a0\u00a0\u00a0\u00a0\u00a0\u00a0\u00a0\u00a0\u00a0\u00a0\u00a0\u00a0\u00a0\u00a0\u00a0\u00a0\u00a0\u00a0\u00a0\u00a0\u00a0\u00a0\u00a0\u00a0\u00a0\u00a0\u00a0\u00a0\u00a0\u00a0\u00a0\u00a0\u00a0\u00a0\u00a0\u00a0\u00a0\u00a0\u00a0Ikram Makni\u00a0\u00a0\u00a0\u00a0\u00a0\u00a0\u00a0\u00a0 \u00a0\u00a0\u00a0\u00a0\u00a0\u00a0\u00a0\u00a0\u00a0\u00a0\u00a0\u00a0\u00a0\u00a0<\/strong><\/p>\n<p><strong>\u00a0\u00a0\u00a0\u00a0\u00a0\u00a0\u00a0\u00a0\u00a0\u00a0\u00a0\u00a0\u00a0 \u00a0\u00a0\u00a0\u00a0\u00a0\u00a0Directrice g\u00e9n\u00e9rale<\/strong><\/p>\n<p>\u00a0<\/p>\n<\/div>\n<p>Auteur: L&rsquo;expert<br \/>\n<a href=\"http:\/\/lexpertjournal.net\/fr\/?p=20469\">Cliquez ici pour lire l&rsquo;article depuis sa source.<\/a><\/p>\n","protected":false},"excerpt":{"rendered":"<p>Sur plus de 1500 m2 s\u2019\u00e9tend la participation Tunisienne \u00e0 la Foire \u00ab\u00a0Libya Construction Expo\u00a0\u00bb, organis\u00e9e \u00e0 Tripoli, du 28 juin au 1er juillet 2021. La Chambre de Commerce et d\u2019Industrie de Sfax (CCIS) qui assure cette importante participation, r\u00e9affirme sa position comme l\u2019un des acteurs \u00e9conomiques les plus en vue, dans le monde de [&hellip;]<\/p>\n","protected":false},"author":1775,"featured_media":0,"comment_status":"closed","ping_status":"closed","sticky":false,"template":"","format":"standard","meta":{"fifu_image_url":"","fifu_image_alt":"","footnotes":""},"categories":[78,55],"tags":[],"class_list":["post-119173","post","type-post","status-publish","format-standard","hentry","category-economie","category-tunisie"],"_links":{"self":[{"href":"https:\/\/linitiative.ca\/International\/wp-json\/wp\/v2\/posts\/119173","targetHints":{"allow":["GET"]}}],"collection":[{"href":"https:\/\/linitiative.ca\/International\/wp-json\/wp\/v2\/posts"}],"about":[{"href":"https:\/\/linitiative.ca\/International\/wp-json\/wp\/v2\/types\/post"}],"author":[{"embeddable":true,"href":"https:\/\/linitiative.ca\/International\/wp-json\/wp\/v2\/users\/1775"}],"replies":[{"embeddable":true,"href":"https:\/\/linitiative.ca\/International\/wp-json\/wp\/v2\/comments?post=119173"}],"version-history":[{"count":0,"href":"https:\/\/linitiative.ca\/International\/wp-json\/wp\/v2\/posts\/119173\/revisions"}],"wp:attachment":[{"href":"https:\/\/linitiative.ca\/International\/wp-json\/wp\/v2\/media?parent=119173"}],"wp:term":[{"taxonomy":"category","embeddable":true,"href":"https:\/\/linitiative.ca\/International\/wp-json\/wp\/v2\/categories?post=119173"},{"taxonomy":"post_tag","embeddable":true,"href":"https:\/\/linitiative.ca\/International\/wp-json\/wp\/v2\/tags?post=119173"}],"curies":[{"name":"wp","href":"https:\/\/api.w.org\/{rel}","templated":true}]}}