{"id":119178,"date":"2021-06-22T08:51:10","date_gmt":"2021-06-22T12:51:10","guid":{"rendered":"https:\/\/linitiative.ca\/International\/oxfam-lance-le-projet-baraka-chabab-contre-les-violences\/"},"modified":"2021-06-22T08:51:10","modified_gmt":"2021-06-22T12:51:10","slug":"oxfam-lance-le-projet-baraka-chabab-contre-les-violences","status":"publish","type":"post","link":"https:\/\/linitiative.ca\/International\/oxfam-lance-le-projet-baraka-chabab-contre-les-violences\/","title":{"rendered":"Oxfam lance le projet \u00ab\u00a0Baraka : Chabab contre les violences\u00a0\u00bb"},"content":{"rendered":"<div>\n<div style=\"margin-bottom:20px;\"><img loading=\"lazy\" decoding=\"async\" width=\"750\" height=\"430\" src=\"https:\/\/linitiative.ca\/International\/wp-content\/uploads\/sites\/23\/2021\/06\/Oxfam-.jpg\" class=\"attachment-post-thumbnail size-post-thumbnail wp-post-image\" alt=\"\" srcset=\"https:\/\/linitiative.ca\/International\/wp-content\/uploads\/sites\/23\/2021\/06\/Oxfam-.jpg 750w, http:\/\/www.mapmarrakech.ma\/map\/uploads\/2021\/06\/Oxfam--300x172.jpg 300w\" sizes=\"auto, (max-width: 750px) 100vw, 750px\"><\/div>\n<p>\u00ab\u00a0Le projet intervient dans un contexte o\u00f9 la violence et l\u2019agressivit\u00e9 envers les femmes et les filles restent encore, pour une grande partie de la soci\u00e9t\u00e9 marocaine, des traits li\u00e9s \u00e0 la masculinit\u00e9\u00a0\u00bb, indique un communiqu\u00e9 des initiateurs de ce projet.<\/p>\n<p>Ainsi, plus de 2 femmes sur 3 ont subi un acte de violence durant les 12 derniers mois, dont 70,7% des jeunes \u00e2g\u00e9es de 15 \u00e0 19 ans sont expos\u00e9es \u00e0 la violence, lit-on dans le document.<\/p>\n<p>A cet effet, le projet Baraka appuiera les organisations de la soci\u00e9t\u00e9 civile (OSCs) et les diff\u00e9rents acteurs publics au niveau de la r\u00e9gion Marrakech-Safi pour un changement des politiques publiques en faveur des femmes et des filles, explique la m\u00eame source.<\/p>\n<p>Et de poursuivre que dans une approche fond\u00e9e sur les droits, le projet accompagnera chacun des jeunes et des OSCs pour une participation plus active et efficace pour la lutte contre toutes les formes de violences faites aux femmes et aux filles, afin de mieux d\u00e9fendre les droits des femmes survivantes de violences et mieux les repr\u00e9senter.<\/p>\n<p>A travers l\u2019art et la culture, le projet sensibilisera la population en mobilisant des jeunes, des femmes et des hommes, des communaut\u00e9s de la r\u00e9gion Marrakech-Safi sur des th\u00e9matiques li\u00e9es \u00e0 l\u2019\u00e9galit\u00e9 des genres et la lutte contre les violences faites aux femmes et aux filles.<\/p>\n<p>Le d\u00e9marrage du projet sera marqu\u00e9 par un \u00ab\u00a0Bootcamp\u00a0\u00bb, le 25, 26 et 27 juin 2021 \u00e0 Marrakech, r\u00e9unissant une vingtaine d\u2019\u00e9tudiant et d\u2019\u00e9tudiantes, dans un espace d\u2019innovation et de collaboration, l\u2019objectif \u00e9tant de cr\u00e9er et de d\u00e9velopper un contenu audiovisuel promouvant des normes sociales alternatives qui rejettent les violences, qui sera diffus\u00e9 lors d\u2019une campagne ciblant les jeunes.<\/p>\n<p>The post <a rel=\"nofollow\" href=\"http:\/\/www.mapmarrakech.ma\/fr\/marrakech-safi-oxfam-au-maroc-lance-le-projet-baraka-chabab-contre-les-violences\/\">Oxfam lance le projet \u00ab\u00a0Baraka : Chabab contre les violences\u00a0\u00bb<\/a> appeared first on <a rel=\"nofollow\" href=\"http:\/\/www.mapmarrakech.ma\/fr\">MapMarrakech<\/a>.<\/p>\n<\/div>\n<p>Auteur: Meriem IGASS<br \/>\n<a href=\"http:\/\/www.mapmarrakech.ma\/fr\/marrakech-safi-oxfam-au-maroc-lance-le-projet-baraka-chabab-contre-les-violences\/\">Cliquez ici pour lire l&rsquo;article depuis sa source.<\/a><\/p>\n","protected":false},"excerpt":{"rendered":"<p>\u00ab\u00a0Le projet intervient dans un contexte o\u00f9 la violence et l\u2019agressivit\u00e9 envers les femmes et les filles restent encore, pour une grande partie de la soci\u00e9t\u00e9 marocaine, des traits li\u00e9s \u00e0 la masculinit\u00e9\u00a0\u00bb, indique un communiqu\u00e9 des initiateurs de ce projet. Ainsi, plus de 2 femmes sur 3 ont subi un acte de violence durant [&hellip;]<\/p>\n","protected":false},"author":1788,"featured_media":0,"comment_status":"closed","ping_status":"closed","sticky":false,"template":"","format":"standard","meta":{"fifu_image_url":"http:\/\/www.mapmarrakech.ma\/map\/uploads\/2021\/06\/Oxfam-.jpg","fifu_image_alt":"Oxfam lance le projet \u00ab\u00a0Baraka : Chabab contre les violences\u00a0\u00bb","footnotes":""},"categories":[54,76],"tags":[],"class_list":["post-119178","post","type-post","status-publish","format-standard","hentry","category-maroc","category-regions"],"_links":{"self":[{"href":"https:\/\/linitiative.ca\/International\/wp-json\/wp\/v2\/posts\/119178","targetHints":{"allow":["GET"]}}],"collection":[{"href":"https:\/\/linitiative.ca\/International\/wp-json\/wp\/v2\/posts"}],"about":[{"href":"https:\/\/linitiative.ca\/International\/wp-json\/wp\/v2\/types\/post"}],"author":[{"embeddable":true,"href":"https:\/\/linitiative.ca\/International\/wp-json\/wp\/v2\/users\/1788"}],"replies":[{"embeddable":true,"href":"https:\/\/linitiative.ca\/International\/wp-json\/wp\/v2\/comments?post=119178"}],"version-history":[{"count":0,"href":"https:\/\/linitiative.ca\/International\/wp-json\/wp\/v2\/posts\/119178\/revisions"}],"wp:attachment":[{"href":"https:\/\/linitiative.ca\/International\/wp-json\/wp\/v2\/media?parent=119178"}],"wp:term":[{"taxonomy":"category","embeddable":true,"href":"https:\/\/linitiative.ca\/International\/wp-json\/wp\/v2\/categories?post=119178"},{"taxonomy":"post_tag","embeddable":true,"href":"https:\/\/linitiative.ca\/International\/wp-json\/wp\/v2\/tags?post=119178"}],"curies":[{"name":"wp","href":"https:\/\/api.w.org\/{rel}","templated":true}]}}