{"id":119186,"date":"2021-06-22T12:19:58","date_gmt":"2021-06-22T16:19:58","guid":{"rendered":"https:\/\/linitiative.ca\/International\/secousse-tellurique-de-40-degres-dans-la-province-de-driouch\/"},"modified":"2021-06-22T12:19:58","modified_gmt":"2021-06-22T16:19:58","slug":"secousse-tellurique-de-40-degres-dans-la-province-de-driouch","status":"publish","type":"post","link":"https:\/\/linitiative.ca\/International\/secousse-tellurique-de-40-degres-dans-la-province-de-driouch\/","title":{"rendered":"Secousse tellurique de 4,0 degr\u00e9s dans la province de Driouch"},"content":{"rendered":"<div>\n<div style=\"margin-bottom:20px;\"><img loading=\"lazy\" decoding=\"async\" width=\"704\" height=\"416\" src=\"https:\/\/linitiative.ca\/International\/wp-content\/uploads\/sites\/23\/2021\/06\/secousse-tellurique-750C397430-EPA-1.jpg\" class=\"attachment-post-thumbnail size-post-thumbnail wp-post-image\" alt=\"\" srcset=\"https:\/\/linitiative.ca\/International\/wp-content\/uploads\/sites\/23\/2021\/06\/secousse-tellurique-750C397430-EPA-1.jpg 704w, http:\/\/www.mapoujda.ma\/map\/uploads\/2021\/05\/secousse-tellurique-750\u00d7430-EPA-300x177.jpg 300w, http:\/\/www.mapoujda.ma\/map\/uploads\/2021\/05\/secousse-tellurique-750\u00d7430-EPA-357x210.jpg 357w\" sizes=\"auto, (max-width: 704px) 100vw, 704px\"><\/div>\n<p style=\"text-align: justify;\">Une secousse tellurique de magnitude 4,0 degr\u00e9s sur l\u2019\u00e9chelle de Richter a \u00e9t\u00e9 enregistr\u00e9e mardi \u00e0 la province de Driouch, indique l\u2019Institut national de g\u00e9ophysique (ING).<\/p>\n<p style=\"text-align: justify;\">La secousse, dont l\u2019\u00e9picentre est situ\u00e9 \u00e0 40 km au large de la Commune Oulad Amghar \u00e0 la province de Driouch, s\u2019est produite \u00e0 15H54 MIN 32 SEC (GMT+1), a pr\u00e9cis\u00e9 le R\u00e9seau national de surveillance et d\u2019alerte sismique de l\u2019ING dans un bulletin d\u2019alerte.<\/p>\n<p style=\"text-align: justify;\">Survenue \u00e0 une profondeur de 14 km, la secousse s\u2019est produite \u00e0 une latitude de 35.530\u00b0N et une longitude de 3.648\u00b0W, selon la m\u00eame source.<\/p>\n<p>L\u2019article <a rel=\"nofollow\" href=\"http:\/\/www.mapoujda.ma\/fr\/secousse-tellurique-de-40-degres-dans-la-province-de-driouch\/\">Secousse tellurique de 4,0 degr\u00e9s dans la province de Driouch<\/a> est apparu en premier sur <a rel=\"nofollow\" href=\"http:\/\/www.mapoujda.ma\/fr\">MapOujda<\/a>.<\/p>\n<\/div>\n<p>Auteur: Soufiane ELAHMAR<br \/>\n<a href=\"http:\/\/www.mapoujda.ma\/fr\/secousse-tellurique-de-40-degres-dans-la-province-de-driouch\/\">Cliquez ici pour lire l&rsquo;article depuis sa source.<\/a><\/p>\n","protected":false},"excerpt":{"rendered":"<p>Une secousse tellurique de magnitude 4,0 degr\u00e9s sur l\u2019\u00e9chelle de Richter a \u00e9t\u00e9 enregistr\u00e9e mardi \u00e0 la province de Driouch, indique l\u2019Institut national de g\u00e9ophysique (ING). La secousse, dont l\u2019\u00e9picentre est situ\u00e9 \u00e0 40 km au large de la Commune Oulad Amghar \u00e0 la province de Driouch, s\u2019est produite \u00e0 15H54 MIN 32 SEC (GMT+1), [&hellip;]<\/p>\n","protected":false},"author":1788,"featured_media":0,"comment_status":"closed","ping_status":"closed","sticky":false,"template":"","format":"standard","meta":{"fifu_image_url":"http:\/\/www.mapoujda.ma\/map\/uploads\/2021\/05\/secousse-tellurique-750\u00d7430-EPA.jpg","fifu_image_alt":"Secousse tellurique de 4,0 degr\u00e9s dans la province de Driouch","footnotes":""},"categories":[54,76],"tags":[],"class_list":["post-119186","post","type-post","status-publish","format-standard","hentry","category-maroc","category-regions"],"_links":{"self":[{"href":"https:\/\/linitiative.ca\/International\/wp-json\/wp\/v2\/posts\/119186","targetHints":{"allow":["GET"]}}],"collection":[{"href":"https:\/\/linitiative.ca\/International\/wp-json\/wp\/v2\/posts"}],"about":[{"href":"https:\/\/linitiative.ca\/International\/wp-json\/wp\/v2\/types\/post"}],"author":[{"embeddable":true,"href":"https:\/\/linitiative.ca\/International\/wp-json\/wp\/v2\/users\/1788"}],"replies":[{"embeddable":true,"href":"https:\/\/linitiative.ca\/International\/wp-json\/wp\/v2\/comments?post=119186"}],"version-history":[{"count":0,"href":"https:\/\/linitiative.ca\/International\/wp-json\/wp\/v2\/posts\/119186\/revisions"}],"wp:attachment":[{"href":"https:\/\/linitiative.ca\/International\/wp-json\/wp\/v2\/media?parent=119186"}],"wp:term":[{"taxonomy":"category","embeddable":true,"href":"https:\/\/linitiative.ca\/International\/wp-json\/wp\/v2\/categories?post=119186"},{"taxonomy":"post_tag","embeddable":true,"href":"https:\/\/linitiative.ca\/International\/wp-json\/wp\/v2\/tags?post=119186"}],"curies":[{"name":"wp","href":"https:\/\/api.w.org\/{rel}","templated":true}]}}