{"id":119190,"date":"2021-06-22T12:36:55","date_gmt":"2021-06-22T16:36:55","guid":{"rendered":"https:\/\/linitiative.ca\/International\/symposium-sur-la-valorisation-medicinale-du-cannabis\/"},"modified":"2021-06-22T12:36:55","modified_gmt":"2021-06-22T16:36:55","slug":"symposium-sur-la-valorisation-medicinale-du-cannabis","status":"publish","type":"post","link":"https:\/\/linitiative.ca\/International\/symposium-sur-la-valorisation-medicinale-du-cannabis\/","title":{"rendered":"Symposium sur la valorisation m\u00e9dicinale du cannabis"},"content":{"rendered":"<div>\n<div style=\"margin-bottom:20px;\"><img loading=\"lazy\" decoding=\"async\" width=\"750\" height=\"430\" src=\"https:\/\/linitiative.ca\/International\/wp-content\/uploads\/sites\/23\/2021\/06\/La-prC3A9sidence-de-lUMP-Oujda-M750C397430-MAP.jpg\" class=\"attachment-post-thumbnail size-post-thumbnail wp-post-image\" alt=\"\" srcset=\"https:\/\/linitiative.ca\/International\/wp-content\/uploads\/sites\/23\/2021\/06\/La-prC3A9sidence-de-lUMP-Oujda-M750C397430-MAP.jpg 750w, http:\/\/www.mapoujda.ma\/map\/uploads\/2019\/12\/La-pr\u00e9sidence-de-lUMP-Oujda-M750\u00d7430-MAP-300x172.jpg 300w\" sizes=\"auto, (max-width: 750px) 100vw, 750px\"><\/div>\n<p style=\"text-align: justify;\">L\u2019Universit\u00e9 Mohammed Premier d\u2019Oujda (UMP) et la Facult\u00e9 pluridisciplinaire de Nador organisent, le 10 juillet prochain \u00e0 Nador, la premi\u00e8re \u00e9dition du Symposium \u00abRecherche pour la biodiversit\u00e9 et la valorisation pharmaceutique et m\u00e9dicinale de la plante Cannabis Sativa\u00bb.<\/p>\n<p style=\"text-align: justify;\">Cette rencontre, tenue en partenariat avec l\u2019Association marocaine consultative d\u2019utilisation du cannabis (AMCUS), vise \u00e0 rassembler des experts, des chercheurs scientifiques des laboratoires d\u2019essais, des praticiens m\u00e9dicaux et des d\u00e9cideurs pour r\u00e9fl\u00e9chir sur les moyens \u00e0 mettre en \u0153uvre pour promouvoir la science et la connaissance sur la plante du cannabis et sur les m\u00e9thodes pour une exploitation positive de cette ressource naturelle, indique un document de l\u2019UMP.<\/p>\n<p style=\"text-align: justify;\">Le programme de cet \u00e9v\u00e8nement pr\u00e9voit des conf\u00e9rences pl\u00e9ni\u00e8res et des communications orales et affich\u00e9es notamment sur la biologie du cannabis, la biodiversit\u00e9 et l\u2019agriculture et la valorisation industrielle du cannabis dans les domaines de la m\u00e9decine, de la pharmaceutique et de la cosm\u00e9tique.<\/p>\n<p>L\u2019article <a rel=\"nofollow\" href=\"http:\/\/www.mapoujda.ma\/fr\/symposium-sur-la-valorisation-medicinale-du-cannabis\/\">Symposium sur la valorisation m\u00e9dicinale du cannabis<\/a> est apparu en premier sur <a rel=\"nofollow\" href=\"http:\/\/www.mapoujda.ma\/fr\">MapOujda<\/a>.<\/p>\n<\/div>\n<p>Auteur: Soufiane ELAHMAR<br \/>\n<a href=\"http:\/\/www.mapoujda.ma\/fr\/symposium-sur-la-valorisation-medicinale-du-cannabis\/\">Cliquez ici pour lire l&rsquo;article depuis sa source.<\/a><\/p>\n","protected":false},"excerpt":{"rendered":"<p>L\u2019Universit\u00e9 Mohammed Premier d\u2019Oujda (UMP) et la Facult\u00e9 pluridisciplinaire de Nador organisent, le 10 juillet prochain \u00e0 Nador, la premi\u00e8re \u00e9dition du Symposium \u00abRecherche pour la biodiversit\u00e9 et la valorisation pharmaceutique et m\u00e9dicinale de la plante Cannabis Sativa\u00bb. Cette rencontre, tenue en partenariat avec l\u2019Association marocaine consultative d\u2019utilisation du cannabis (AMCUS), vise \u00e0 rassembler des [&hellip;]<\/p>\n","protected":false},"author":1788,"featured_media":0,"comment_status":"closed","ping_status":"closed","sticky":false,"template":"","format":"standard","meta":{"fifu_image_url":"http:\/\/www.mapoujda.ma\/map\/uploads\/2019\/12\/La-pr\u00e9sidence-de-lUMP-Oujda-M750\u00d7430-MAP.jpg","fifu_image_alt":"Symposium sur la valorisation m\u00e9dicinale du cannabis","footnotes":""},"categories":[54,76],"tags":[],"class_list":["post-119190","post","type-post","status-publish","format-standard","hentry","category-maroc","category-regions"],"_links":{"self":[{"href":"https:\/\/linitiative.ca\/International\/wp-json\/wp\/v2\/posts\/119190","targetHints":{"allow":["GET"]}}],"collection":[{"href":"https:\/\/linitiative.ca\/International\/wp-json\/wp\/v2\/posts"}],"about":[{"href":"https:\/\/linitiative.ca\/International\/wp-json\/wp\/v2\/types\/post"}],"author":[{"embeddable":true,"href":"https:\/\/linitiative.ca\/International\/wp-json\/wp\/v2\/users\/1788"}],"replies":[{"embeddable":true,"href":"https:\/\/linitiative.ca\/International\/wp-json\/wp\/v2\/comments?post=119190"}],"version-history":[{"count":0,"href":"https:\/\/linitiative.ca\/International\/wp-json\/wp\/v2\/posts\/119190\/revisions"}],"wp:attachment":[{"href":"https:\/\/linitiative.ca\/International\/wp-json\/wp\/v2\/media?parent=119190"}],"wp:term":[{"taxonomy":"category","embeddable":true,"href":"https:\/\/linitiative.ca\/International\/wp-json\/wp\/v2\/categories?post=119190"},{"taxonomy":"post_tag","embeddable":true,"href":"https:\/\/linitiative.ca\/International\/wp-json\/wp\/v2\/tags?post=119190"}],"curies":[{"name":"wp","href":"https:\/\/api.w.org\/{rel}","templated":true}]}}