{"id":119197,"date":"2021-06-22T15:14:39","date_gmt":"2021-06-22T19:14:39","guid":{"rendered":"https:\/\/linitiative.ca\/International\/euro-2020-mourinho-nest-pas-rassure-pour-le-portugal\/"},"modified":"2021-06-22T15:14:39","modified_gmt":"2021-06-22T19:14:39","slug":"euro-2020-mourinho-nest-pas-rassure-pour-le-portugal","status":"publish","type":"post","link":"https:\/\/linitiative.ca\/International\/euro-2020-mourinho-nest-pas-rassure-pour-le-portugal\/","title":{"rendered":"Euro 2020 : Mourinho n&rsquo;est pas rassur\u00e9 pour le Portugal"},"content":{"rendered":"<div>Ce mercredi, l\u2019\u00e9quipe de France, d\u00e9j\u00e0 qualifi\u00e9e pour les huiti\u00e8mes de finale, affronte le Portugal<img loading=\"lazy\" decoding=\"async\" src=\"http:\/\/feeds.feedburner.com\/~r\/GalerieFArtciles\/~4\/QuQs48j_R58\" height=\"1\" width=\"1\" alt=\"\"><\/div>\n<p>Auteur:<br \/>\n<a href=\"http:\/\/www.lebuteur.com\/article\/detail?titre=euro-2020-mourinho-nest-pas-rassure-pour-le-portugal&#038;id=100440&#038;utm_source=feedburner&#038;utm_medium=feed&#038;utm_campaign=Feed%3A+GalerieFArtciles+%28Les+derniers+articles++-+lebuteur.com%29\">Cliquez ici pour lire l&rsquo;article depuis sa source.<\/a><\/p>\n","protected":false},"excerpt":{"rendered":"<p>Ce mercredi, l\u2019\u00e9quipe de France, d\u00e9j\u00e0 qualifi\u00e9e pour les huiti\u00e8mes de finale, affronte le Portugal Auteur: Cliquez ici pour lire l&rsquo;article depuis sa source.<\/p>\n","protected":false},"author":1738,"featured_media":0,"comment_status":"closed","ping_status":"closed","sticky":false,"template":"","format":"standard","meta":{"fifu_image_url":"http:\/\/feeds.feedburner.com\/~r\/GalerieFArtciles\/~4\/QuQs48j_R58","fifu_image_alt":"<div>Euro 2020 : Mourinho n'est pas rassur\u00e9 pour le Portugal<\/div>","footnotes":""},"categories":[53,75],"tags":[],"class_list":["post-119197","post","type-post","status-publish","format-standard","hentry","category-algerie","category-sport"],"_links":{"self":[{"href":"https:\/\/linitiative.ca\/International\/wp-json\/wp\/v2\/posts\/119197","targetHints":{"allow":["GET"]}}],"collection":[{"href":"https:\/\/linitiative.ca\/International\/wp-json\/wp\/v2\/posts"}],"about":[{"href":"https:\/\/linitiative.ca\/International\/wp-json\/wp\/v2\/types\/post"}],"author":[{"embeddable":true,"href":"https:\/\/linitiative.ca\/International\/wp-json\/wp\/v2\/users\/1738"}],"replies":[{"embeddable":true,"href":"https:\/\/linitiative.ca\/International\/wp-json\/wp\/v2\/comments?post=119197"}],"version-history":[{"count":0,"href":"https:\/\/linitiative.ca\/International\/wp-json\/wp\/v2\/posts\/119197\/revisions"}],"wp:attachment":[{"href":"https:\/\/linitiative.ca\/International\/wp-json\/wp\/v2\/media?parent=119197"}],"wp:term":[{"taxonomy":"category","embeddable":true,"href":"https:\/\/linitiative.ca\/International\/wp-json\/wp\/v2\/categories?post=119197"},{"taxonomy":"post_tag","embeddable":true,"href":"https:\/\/linitiative.ca\/International\/wp-json\/wp\/v2\/tags?post=119197"}],"curies":[{"name":"wp","href":"https:\/\/api.w.org\/{rel}","templated":true}]}}