{"id":119199,"date":"2021-06-22T15:14:43","date_gmt":"2021-06-22T19:14:43","guid":{"rendered":"https:\/\/linitiative.ca\/International\/angleterre-lingard-nen-veut-pas-a-southgate\/"},"modified":"2021-06-22T15:14:43","modified_gmt":"2021-06-22T19:14:43","slug":"angleterre-lingard-nen-veut-pas-a-southgate","status":"publish","type":"post","link":"https:\/\/linitiative.ca\/International\/angleterre-lingard-nen-veut-pas-a-southgate\/","title":{"rendered":"Angleterre : Lingard n&rsquo;en veut pas \u00e0 Southgate"},"content":{"rendered":"<div>Appel\u00e9 dans une premi\u00e8re liste \u00e9largie de 33 joueurs en vue de l&rsquo;Euro, Jesse Lingard n&rsquo;a finalement pas \u00e9t\u00e9 retenu dans le groupe final des 26 de l&rsquo;Angleterre.<img loading=\"lazy\" decoding=\"async\" src=\"http:\/\/feeds.feedburner.com\/~r\/GalerieFArtciles\/~4\/OPSzd0Nv5mQ\" height=\"1\" width=\"1\" alt=\"\"><\/div>\n<p>Auteur:<br \/>\n<a href=\"http:\/\/www.lebuteur.com\/article\/detail?titre=angleterre-lingard-nen-veut-pas-a-southgate&#038;id=100442&#038;utm_source=feedburner&#038;utm_medium=feed&#038;utm_campaign=Feed%3A+GalerieFArtciles+%28Les+derniers+articles++-+lebuteur.com%29\">Cliquez ici pour lire l&rsquo;article depuis sa source.<\/a><\/p>\n","protected":false},"excerpt":{"rendered":"<p>Appel\u00e9 dans une premi\u00e8re liste \u00e9largie de 33 joueurs en vue de l&rsquo;Euro, Jesse Lingard n&rsquo;a finalement pas \u00e9t\u00e9 retenu dans le groupe final des 26 de l&rsquo;Angleterre. Auteur: Cliquez ici pour lire l&rsquo;article depuis sa source.<\/p>\n","protected":false},"author":1738,"featured_media":0,"comment_status":"closed","ping_status":"closed","sticky":false,"template":"","format":"standard","meta":{"fifu_image_url":"http:\/\/feeds.feedburner.com\/~r\/GalerieFArtciles\/~4\/OPSzd0Nv5mQ","fifu_image_alt":"<div>Angleterre : Lingard n'en veut pas \u00e0 Southgate<\/div>","footnotes":""},"categories":[53,75],"tags":[],"class_list":["post-119199","post","type-post","status-publish","format-standard","hentry","category-algerie","category-sport"],"_links":{"self":[{"href":"https:\/\/linitiative.ca\/International\/wp-json\/wp\/v2\/posts\/119199","targetHints":{"allow":["GET"]}}],"collection":[{"href":"https:\/\/linitiative.ca\/International\/wp-json\/wp\/v2\/posts"}],"about":[{"href":"https:\/\/linitiative.ca\/International\/wp-json\/wp\/v2\/types\/post"}],"author":[{"embeddable":true,"href":"https:\/\/linitiative.ca\/International\/wp-json\/wp\/v2\/users\/1738"}],"replies":[{"embeddable":true,"href":"https:\/\/linitiative.ca\/International\/wp-json\/wp\/v2\/comments?post=119199"}],"version-history":[{"count":0,"href":"https:\/\/linitiative.ca\/International\/wp-json\/wp\/v2\/posts\/119199\/revisions"}],"wp:attachment":[{"href":"https:\/\/linitiative.ca\/International\/wp-json\/wp\/v2\/media?parent=119199"}],"wp:term":[{"taxonomy":"category","embeddable":true,"href":"https:\/\/linitiative.ca\/International\/wp-json\/wp\/v2\/categories?post=119199"},{"taxonomy":"post_tag","embeddable":true,"href":"https:\/\/linitiative.ca\/International\/wp-json\/wp\/v2\/tags?post=119199"}],"curies":[{"name":"wp","href":"https:\/\/api.w.org\/{rel}","templated":true}]}}