{"id":119202,"date":"2021-06-22T05:44:22","date_gmt":"2021-06-22T09:44:22","guid":{"rendered":"https:\/\/linitiative.ca\/International\/il-le-considere-comme-un-pietre-homme-politique-le-sg-de-lonm-fustige-abdelkader-bengrina\/"},"modified":"2021-06-22T05:44:22","modified_gmt":"2021-06-22T09:44:22","slug":"il-le-considere-comme-un-pietre-homme-politique-le-sg-de-lonm-fustige-abdelkader-bengrina","status":"publish","type":"post","link":"https:\/\/linitiative.ca\/International\/il-le-considere-comme-un-pietre-homme-politique-le-sg-de-lonm-fustige-abdelkader-bengrina\/","title":{"rendered":"Il le consid\u00e8re comme un pi\u00e8tre homme politique : Le SG de l\u2019ONM fustige Abdelkader Bengrina"},"content":{"rendered":"<div>\n<div class=\"sriret\"><img decoding=\"async\" src=\"https:\/\/linitiative.ca\/International\/wp-content\/uploads\/sites\/23\/2021\/06\/default-picture-709x366_c.jpg\"><\/div>\n<p class=\"p4\">La pol\u00e9mique enfle entre Abdelkader Bengrina et le secr\u00e9taire g\u00e9n\u00e9ral par int\u00e9rim de l\u2019Organisation nationale des moudjahidine (ONM), Mohand Ouamar Benelhadj.<\/p>\n<p class=\"p4\">Ce dernier a r\u00e9agi, dimanche en d\u00e9but de soir\u00e9e, dans une vid\u00e9o post\u00e9e sur les r\u00e9seaux sociaux, aux attaques lanc\u00e9es \u00e0 son encontre par le pr\u00e9sident du parti El Bina qui, entre autres, a remis en cause la <i>\u00abl\u00e9gitimit\u00e9\u00bb<\/i> de l\u2019ancien moudjahid \u00e0 la t\u00eate de l\u2019Organisation.<\/p>\n<p class=\"p4\">Des attaques faisant suite \u00e0 la r\u00e9action de Benelhadj au sujet du discours \u00abanti-kabyle\u00bb tenu notamment par Bengrina, mais aussi par le s\u00e9nateur FLN Abdelouahab Benza\u00efm. A cet effet, le secr\u00e9taire g\u00e9n\u00e9ral par int\u00e9rim de l\u2019ONM est sans \u00e9quivoque\u00a0: Bengrina est, d\u2019apr\u00e8s lui, <i>\u00abmal \u00e9duqu\u00e9\u00bb<\/i>.<\/p>\n<p class=\"p4\">Celui-ci, relevant qu\u2019il d\u00e9passe le chef du parti El Bina de 40 ou 50 ans, fait remarquer que lui <i>\u00abest malade\u00bb<\/i> en raison de tout ce qu\u2019il a consenti comme sacrifices pour l\u2019Alg\u00e9rie, et qu\u2019il <i>\u00abhabite un appartement\u00bb<\/i>, alors que son d\u00e9tracteur est <i>\u00aben bonne sant\u00e9\u00bb<\/i> et <i>\u00abhabite \u00e0 Club des Pins\u00bb<\/i>. <i>\u00abSi j\u2019\u00e9tais laudateur comme lui, peut-\u00eatre que c\u2019est moi qui serais \u00e0 Club des Pins\u00bb<\/i>, avait-il lanc\u00e9.<\/p>\n<p class=\"p4\"><i>\u00abIl promet le Paradis aux Alg\u00e9riens, en restant en bord de mer \u00e0 Club des Pins. Qu\u2019il aille se sacrifier en Palestine en combattant les sionistes\u00a0!\u00bb<\/i> a-t-il encore ajout\u00e9. Il faut rappeler que cette pol\u00e9mique a commenc\u00e9 lorsque Mohand Ouamar Benelhadj s\u2019est soulev\u00e9, le 15 juin, contre ce qu\u2019il consid\u00e8re \u00eatre un discours haineux exprim\u00e9 par certains politiques, notamment Abdelkader Bengrina.<\/p>\n<p class=\"p4\"><i>\u00abNous sommes face \u00e0 des partis sans programme. On ne conna\u00eet ni leur orientation politique ni \u00e9conomique. On ne sait pas s\u2019ils sont de gauche, de droite, du centre ou d\u2019un autre bord politique\u2026<\/i><\/p>\n<p class=\"p4\"><i>A d\u00e9faut donc d\u2019un programme, ils cherchent \u00e0 salir leurs adversaires politiques en recourant \u00e0 l\u2019insulte, au mensonge, \u00e0 la propagande. Ils vivent de cela, parce qu\u2019ils n\u2019ont rien d\u2019autre \u00e0 offrir ni \u00e0 pr\u00e9senter aux Alg\u00e9riens\u00bb<\/i>, avait-il d\u00e9clar\u00e9, r\u00e9agissant ainsi \u00e0 des propos tenus quelques jours auparavant par Abdelkader Bengrina, qui avait qualifi\u00e9 le 7 juin, durant la campagne \u00e9lectorale pour les l\u00e9gislatives du 12 juin, la langue amazighe de <i>\u00abchose\u00bb<\/i> et remis en cause l\u2019engagement de la Kabylie dans la Guerre de Lib\u00e9ration nationale.<\/p>\n<p class=\"p4\"><i>\u00abIls pensent qu\u2019ils vont \u00eatre plus connus en prof\u00e9rant des insanit\u00e9s contre cette r\u00e9gion<\/i> (Kabylie, ndlr)<i> et en disant que les Kabyles sont des zouaves. Mais la v\u00e9rit\u00e9 est ailleurs. Les villages de la Kabylie ont \u00e9t\u00e9 br\u00fbl\u00e9s deux fois en 1857 et en 1871 par les zouaves. Et aujourd\u2019hui, ces gens-l\u00e0 viennent accuser les Kabyles d\u2019\u00eatre des zouaves, c\u2019est grave\u00bb<\/i>, avait encore d\u00e9clar\u00e9 le secr\u00e9taire g\u00e9n\u00e9ral par int\u00e9rim de l\u2019ONM.<\/p>\n<p class=\"p4\">A noter, par ailleurs, que deux avocats, Tarek Mektoub du barreau de Blida et Abdelkader Chohra du barreau de Chlef, ont d\u00e9pos\u00e9 le 11 juin une plainte contre Bengrina en s\u2019appuyant sur la loi n\u00b0 20-05 du 28 avril 2020, relative \u00e0 la pr\u00e9vention et \u00e0 la lutte contre la discrimination et le discours de haine.<\/p>\n<p class=\"p4\">Le s\u00e9nateur FLN Abdelouahab Benza\u00efm s\u2019est \u00e9galement attaqu\u00e9, dans un post sur les r\u00e9seaux sociaux, \u00e0 la Kabylie, sans la citer, en la qualifiant de <i>\u00abtumeur canc\u00e9reuse\u00bb<\/i> qui va \u00eatre, d\u2019apr\u00e8s lui, <i>\u00abextirp\u00e9e\u00bb<\/i> dans un <i>\u00abavenir pas trop lointain\u00bb<\/i>.<\/p>\n<p class=\"p4\">Des propos qui se multiplient et qui ont fait dire au premier responsable de l\u2019Organisation des moudjahidine que <i>\u00abla situation n\u2019augure rien de bon pour notre avenir commun\u00bb<\/i>.<\/p>\n<p>L\u2019article <a rel=\"nofollow\" href=\"https:\/\/www.elwatan.com\/edition\/actualite\/le-sg-de-lonm-fustige-abdelkader-bengrina-22-06-2021\">Il le consid\u00e8re comme un pi\u00e8tre homme politique : Le SG de l\u2019ONM fustige Abdelkader Bengrina<\/a> est apparu en premier sur <a rel=\"nofollow\" href=\"https:\/\/www.elwatan.com\/\">El Watan<\/a>.<\/p>\n<\/div>\n<p>Auteur: Anis Khecheba<br \/>\n<a href=\"https:\/\/www.elwatan.com\/edition\/actualite\/le-sg-de-lonm-fustige-abdelkader-bengrina-22-06-2021\">Cliquez ici pour lire l&rsquo;article depuis sa source.<\/a><\/p>\n","protected":false},"excerpt":{"rendered":"<p>La pol\u00e9mique enfle entre Abdelkader Bengrina et le secr\u00e9taire g\u00e9n\u00e9ral par int\u00e9rim de l\u2019Organisation nationale des moudjahidine (ONM), Mohand Ouamar Benelhadj. Ce dernier a r\u00e9agi, dimanche en d\u00e9but de soir\u00e9e, dans une vid\u00e9o post\u00e9e sur les r\u00e9seaux sociaux, aux attaques lanc\u00e9es \u00e0 son encontre par le pr\u00e9sident du parti El Bina qui, entre autres, a [&hellip;]<\/p>\n","protected":false},"author":1743,"featured_media":0,"comment_status":"closed","ping_status":"closed","sticky":false,"template":"","format":"standard","meta":{"fifu_image_url":"https:\/\/www.elwatan.com\/wp-content\/themes\/spectr\/img\/default-picture-709x366_c.jpg","fifu_image_alt":"Il le consid\u00e8re comme un pi\u00e8tre homme politique : Le SG de l\u2019ONM fustige Abdelkader Bengrina","footnotes":""},"categories":[73,53],"tags":[],"class_list":["post-119202","post","type-post","status-publish","format-standard","hentry","category-actualite","category-algerie"],"_links":{"self":[{"href":"https:\/\/linitiative.ca\/International\/wp-json\/wp\/v2\/posts\/119202","targetHints":{"allow":["GET"]}}],"collection":[{"href":"https:\/\/linitiative.ca\/International\/wp-json\/wp\/v2\/posts"}],"about":[{"href":"https:\/\/linitiative.ca\/International\/wp-json\/wp\/v2\/types\/post"}],"author":[{"embeddable":true,"href":"https:\/\/linitiative.ca\/International\/wp-json\/wp\/v2\/users\/1743"}],"replies":[{"embeddable":true,"href":"https:\/\/linitiative.ca\/International\/wp-json\/wp\/v2\/comments?post=119202"}],"version-history":[{"count":0,"href":"https:\/\/linitiative.ca\/International\/wp-json\/wp\/v2\/posts\/119202\/revisions"}],"wp:attachment":[{"href":"https:\/\/linitiative.ca\/International\/wp-json\/wp\/v2\/media?parent=119202"}],"wp:term":[{"taxonomy":"category","embeddable":true,"href":"https:\/\/linitiative.ca\/International\/wp-json\/wp\/v2\/categories?post=119202"},{"taxonomy":"post_tag","embeddable":true,"href":"https:\/\/linitiative.ca\/International\/wp-json\/wp\/v2\/tags?post=119202"}],"curies":[{"name":"wp","href":"https:\/\/api.w.org\/{rel}","templated":true}]}}