{"id":119204,"date":"2021-06-22T05:47:15","date_gmt":"2021-06-22T09:47:15","guid":{"rendered":"https:\/\/linitiative.ca\/International\/place-en-detention-pour-abus-de-fonction-le-general-tartag-charge-said-bouteflika\/"},"modified":"2021-06-22T05:47:15","modified_gmt":"2021-06-22T09:47:15","slug":"place-en-detention-pour-abus-de-fonction-le-general-tartag-charge-said-bouteflika","status":"publish","type":"post","link":"https:\/\/linitiative.ca\/International\/place-en-detention-pour-abus-de-fonction-le-general-tartag-charge-said-bouteflika\/","title":{"rendered":"Plac\u00e9 en d\u00e9tention pour \u00ababus de fonction\u00bb : Le g\u00e9n\u00e9ral Tartag charge Sa\u00efd Bouteflika"},"content":{"rendered":"<div>\n<div class=\"sriret\"><img loading=\"lazy\" decoding=\"async\" width=\"886\" height=\"681\" src=\"https:\/\/linitiative.ca\/International\/wp-content\/uploads\/sites\/23\/2021\/06\/tartag.gif\" class=\"attachment-featured_large size-featured_large wp-post-image\" alt=\"\" style=\"margin-bottom: 15px;\"><\/div>\n<p class=\"p4\"><em><span class=\"s3\"><b>En d\u00e9tention \u00e0 la prison militaire de Blida, pour sa gestion de l\u2019affaire M<sup>me<\/sup> Maya, la pr\u00e9tendue fille secr\u00e8te<\/b><\/span> <span class=\"s3\"><b>du Pr\u00e9sident d\u00e9chu, et celle des enfants de Djamel Ould Abb\u00e8s, ex-secr\u00e9taire g\u00e9n\u00e9ral du FLN, et une ex-d\u00e9put\u00e9e de ce parti, l\u2019ancien coordinateur des services de renseignement, le g\u00e9n\u00e9ral-major \u00e0 la retraite Bachir Tartag, s\u2019est d\u00e9fendu en renvoyant la balle \u00e0 Sa\u00efd Bouteflika, lequel dit n\u2019avoir que \u00abr\u00e9percut\u00e9 les instructions\u00bb de son fr\u00e8re, alors Pr\u00e9sident.<\/b><\/span> <span class=\"s3\"><b>Cette enqu\u00eate concerne aussi quatre officiers de la S\u00e9curit\u00e9 int\u00e9rieure, plac\u00e9s en d\u00e9tention, qui affirment avoir \u00abex\u00e9cut\u00e9 les ordres\u00bb de leur chef.<\/b><\/span><\/em><\/p>\n<p class=\"p6\"><span class=\"s6\"><b>I<\/b><\/span>nstruite depuis plus de cinq mois, l\u2019affaire de l\u2019ancien coordinateur des services de renseignement, le g\u00e9n\u00e9ral-major \u00e0 la retraite Bachir Tartag, tire \u00e0 sa fin et pourrait aller vers un renvoi devant le tribunal militaire de Blida, pour y \u00eatre jug\u00e9e.<\/p>\n<p class=\"p7\">Le magistrat instructeur a achev\u00e9 l\u2019audition du principal mis en cause et celle des quatre autres accus\u00e9s, un g\u00e9n\u00e9ral ex-directeur de la s\u00e9curit\u00e9 de l\u2019arm\u00e9e, deux colonels qui se sont succ\u00e9d\u00e9 \u00e0 la t\u00eate de l\u2019antenne de la s\u00e9curit\u00e9 int\u00e9rieure pour la capitale et du commandant qui dirigeait le service de la police judiciaire au niveau de la m\u00eame structure.<\/p>\n<p class=\"p7\">Tous sont plac\u00e9s en d\u00e9tention pour \u00ababus de fonction\u00bb et \u00abnon-respect des consignes militaires\u00bb pour avoir viol\u00e9 la proc\u00e9dure dans deux affaires de justice li\u00e9es \u00e0 la corruption, et qui ont \u00e9t\u00e9 \u00e9touff\u00e9es.<\/p>\n<p class=\"p7\">Il s\u2019agit en fait des conditions dans lesquelles les fonds et les bijoux de la pr\u00e9tendue fille secr\u00e8te du Pr\u00e9sident d\u00e9chu, M<sup>me<\/sup> Maya, de son vrai nom Zoulikha Nachinache, ont \u00e9t\u00e9 saisis lors d\u2019une perquisition effectu\u00e9e en 2017, par les officiers de la S\u00e9curit\u00e9 int\u00e9rieure, dans sa villa de Moretti.<\/p>\n<p class=\"p7\">Le deuxi\u00e8me dossier est li\u00e9 \u00e0 El Wafi Ould Abb\u00e8s, le fils de l\u2019ex-secr\u00e9taire g\u00e9n\u00e9ral du FLN, qui avait \u00e9t\u00e9 arr\u00eat\u00e9 en situation de flagrant d\u00e9lit, sur d\u00e9nonciation du d\u00e9put\u00e9 Baha Eddine Tliba, pour avoir \u00abmonnay\u00e9\u00bb les places sur la liste des candidatures \u00e0 la d\u00e9putation, alors que le troisi\u00e8me dossier concerne l\u2019arrestation d\u2019une d\u00e9put\u00e9e FLN de Boumerd\u00e8s, avec une importante somme d\u2019argent qui devait servir \u00e0 l\u2019obtention d\u2019une bonne position sur la liste des candidats \u00e0 la d\u00e9putation de 2017.<\/p>\n<p class=\"p7\">Pour la justice militaire, les cinq accus\u00e9s <i>\u00abn\u2019ont pas respect\u00e9 la proc\u00e9dure\u00bb<\/i> en mati\u00e8re d\u2019enqu\u00eate, puisque les trois affaires ont \u00e9t\u00e9 gard\u00e9es sous le coude. Il est \u00e9galement question de conservation des fonds saisis.<\/p>\n<p class=\"p7\">Lors de son audition, le g\u00e9n\u00e9ral Tartag est revenu sur l\u2019affaire de M<sup>me<\/sup> Maya, gard\u00e9e sous le coude<b> <\/b>apr\u00e8s l\u2019arrestation de celle-ci et ses deux filles, en disant que c\u2019est Sa\u00efd Bouteflika, fr\u00e8re du Pr\u00e9sident et son conseiller, qui servait d\u2019interm\u00e9diaire pour toute d\u00e9cision, pr\u00e9cisant qu\u2019<i>\u00abapr\u00e8s avoir demand\u00e9 une enqu\u00eate, il m\u2019a instruit de g\u00e9rer le dossier de mani\u00e8re discr\u00e8te, parce qu\u2019il s\u2019agit d\u2019une affaire qui concerne le Pr\u00e9sident. Lors des perquisitions, des sommes importantes en dinar et en devise ont \u00e9t\u00e9 saisies. Elles ne devaient pas rester \u00e0 la caserne. Elles ont \u00e9t\u00e9 d\u00e9pos\u00e9es \u00e0 la Banque d\u2019Alg\u00e9rie et les documents aff\u00e9rents \u00e0 ces d\u00e9p\u00f4ts existent\u00bb<\/i>.<\/p>\n<p class=\"p7\">Le g\u00e9n\u00e9ral-major nie avoir donn\u00e9 un quelconque ordre pour bloquer l\u2019enqu\u00eate judiciaire, en disant\u00a0: <i>\u00abTout le monde \u00e9tait au courant de cette affaire, y compris le ministre de la Justice Tayeb Louh.\u00bb<\/i><\/p>\n<p class=\"p7\">En ce qui concerne l\u2019affaire des deux enfants de Djamel Ould Abb\u00e8s, arr\u00eat\u00e9s en situation de flagrant d\u00e9lit, et l\u2019importante somme d\u2019argent trouv\u00e9e \u00e0 leurs domiciles \u00e0 la r\u00e9sidence d\u2019Etat de Club des Pins, \u00e0 l\u2019ouest de la capitale, puis rel\u00e2ch\u00e9s, le g\u00e9n\u00e9ral-major affirme avoir ex\u00e9cut\u00e9 <i>\u00ables instructions du pr\u00e9sident Bouteflika, qui \u00e9tait le pr\u00e9sident d\u2019honneur du FLN, et qui m\u2019ont \u00e9t\u00e9 transmises par son fr\u00e8re et conseiller Sa\u00efd. Djamel Ould Abb\u00e8s, dont les deux fils ont fait l\u2019objet d\u2019arrestation, \u00e9tait le secr\u00e9taire g\u00e9n\u00e9ral du FLN. Je n\u2019ai fait qu\u2019ex\u00e9cuter les ordres\u00bb<\/i>.<\/p>\n<p class=\"p7\">Entendu comme t\u00e9moin alors qu\u2019il se trouvait \u00e0 la prison militaire de Blida avant qu\u2019il ne soit acquitt\u00e9 des accusations de complot, il y a plus de cinq mois, Sa\u00efd Bouteflika n\u2019a pas \u00e9t\u00e9 tr\u00e8s prolixe. Il s\u2019est content\u00e9 de dire\u00a0: <i>\u00abJ\u2019ai r\u00e9percut\u00e9 les instructions du Pr\u00e9sident. Les ordres venaient de lui pas de moi.\u00bb<\/i><\/p>\n<p class=\"p7\">Pour leur part, les quatre officiers poursuivis par le tribunal militaire dans le cadre de cette m\u00eame affaire ont tous ni\u00e9 les accusations port\u00e9es contre eux, et affirm\u00e9 avoir agi <i>\u00absous les ordres\u00bb<\/i> de leur premier responsable, le g\u00e9n\u00e9ral-major Bachir Tartag. Ce que ce dernier a confirm\u00e9 devant le juge.<\/p>\n<p class=\"p7\">En tout \u00e9tat de cause, le magistrat instructeur a achev\u00e9 les auditions de fond \u00e0 la fin du mois de mai dernier, et aucun acte de proc\u00e9dure n\u2019a \u00e9t\u00e9 engag\u00e9 depuis. Certaines sources au fait du dossier s\u2019attendent \u00e0 un renvoi de l\u2019affaire devant le tribunal pour un proc\u00e8s, mais d\u2019autres croient dur comme fer que <i>\u00abce dernier n\u2019aura pas lieu, parce que le dossier est vide\u00bb.<\/i><\/p>\n<p class=\"p7\">Les affaires pour lesquelles Bachir Tartag a \u00e9t\u00e9 plac\u00e9 sous mandat de d\u00e9p\u00f4t, avec quatre autres officiers des services de renseignement militaire, avaient fait tache d\u2019huile, non seulement pour la gravit\u00e9 des faits reproch\u00e9s aux enfants de Djamel Ould Abb\u00e8s, M<sup>me<\/sup> Maya et la d\u00e9put\u00e9e de Boumerd\u00e8s, mais aussi pour la c\u00e9l\u00e9rit\u00e9 avec laquelle elles ont \u00e9t\u00e9 mises sous le coude et les mis en cause remis en libert\u00e9.<\/p>\n<p class=\"p7\">L\u2019on se rappelle comment le t\u00e9moignage du d\u00e9put\u00e9 Baha Eddine Tliba sur les circonstances qui l\u2019ont pouss\u00e9 \u00e0 d\u00e9noncer le trafic des listes de candidature \u00e0 la d\u00e9putation auquel s\u2019adonnait El Wafi Ould Abb\u00e8s, \u00e0 quelques mois des l\u00e9gislatives de 2017, avant que son statut ne bascule de d\u00e9nonciateur \u00e0 celui de pr\u00e9venu, condamn\u00e9 \u00e0 une peine de prison, plus de deux ans apr\u00e8s.<\/p>\n<p class=\"p7\">Il en est de m\u00eame pour le cas de l\u2019\u00e9nigmatique M<sup>me<\/sup> Maya, pr\u00e9tendue fille secr\u00e8te du Pr\u00e9sident, recommand\u00e9e par le chef de cabinet de ce dernier, qui monnayait ses services pour l\u2019obtention de terrains et de march\u00e9s aupr\u00e8s des walis au profit d\u2019hommes d\u2019affaires et autres.<\/p>\n<p class=\"p7\">Arr\u00eat\u00e9e avec ses deux filles et pr\u00e9sent\u00e9e devant le procureur pr\u00e8s le tribunal de Ch\u00e9raga, elle a vite retrouv\u00e9 la libert\u00e9 et continu\u00e9 \u00e0 profiter des services de la Pr\u00e9sidence, des ministres, des walis et des responsables de nombreuses institutions de l\u2019Etat.<\/p>\n<p class=\"p7\">Lors de son instruction, le magistrat militaire n\u2019a pas \u00e9lucid\u00e9 les circonstances dans lesquelles le tribunal de Ch\u00e9raga s\u2019est d\u00e9sist\u00e9 de ces deux affaires, alors qu\u2019elles \u00e9taient pendantes \u00e0 son niveau, ni expliqu\u00e9 le r\u00f4le qu\u2019aurait pu jouer l\u2019ancien ministre de la Justice, qui \u00e9tait membre du bureau politique du FLN et tr\u00e8s proche du fr\u00e8re du Pr\u00e9sident et de Djamel Ould Abb\u00e8s.<\/p>\n<p>L\u2019article <a rel=\"nofollow\" href=\"https:\/\/www.elwatan.com\/edition\/actualite\/le-general-tartag-charge-said-bouteflika-22-06-2021\">Plac\u00e9 en d\u00e9tention pour \u00ababus de fonction\u00bb : Le g\u00e9n\u00e9ral Tartag charge Sa\u00efd Bouteflika<\/a> est apparu en premier sur <a rel=\"nofollow\" href=\"https:\/\/www.elwatan.com\/\">El Watan<\/a>.<\/p>\n<\/div>\n<p>Auteur: Anis Khecheba<br \/>\n<a href=\"https:\/\/www.elwatan.com\/edition\/actualite\/le-general-tartag-charge-said-bouteflika-22-06-2021\">Cliquez ici pour lire l&rsquo;article depuis sa source.<\/a><\/p>\n","protected":false},"excerpt":{"rendered":"<p>En d\u00e9tention \u00e0 la prison militaire de Blida, pour sa gestion de l\u2019affaire Mme Maya, la pr\u00e9tendue fille secr\u00e8te du Pr\u00e9sident d\u00e9chu, et celle des enfants de Djamel Ould Abb\u00e8s, ex-secr\u00e9taire g\u00e9n\u00e9ral du FLN, et une ex-d\u00e9put\u00e9e de ce parti, l\u2019ancien coordinateur des services de renseignement, le g\u00e9n\u00e9ral-major \u00e0 la retraite Bachir Tartag, s\u2019est d\u00e9fendu [&hellip;]<\/p>\n","protected":false},"author":1743,"featured_media":0,"comment_status":"closed","ping_status":"closed","sticky":false,"template":"","format":"standard","meta":{"fifu_image_url":"https:\/\/www.elwatan.com\/wp-content\/uploads\/2021\/06\/tartag.gif","fifu_image_alt":"Plac\u00e9 en d\u00e9tention pour \u00ababus de fonction\u00bb : Le g\u00e9n\u00e9ral Tartag charge Sa\u00efd Bouteflika","footnotes":""},"categories":[73,53],"tags":[],"class_list":["post-119204","post","type-post","status-publish","format-standard","hentry","category-actualite","category-algerie"],"_links":{"self":[{"href":"https:\/\/linitiative.ca\/International\/wp-json\/wp\/v2\/posts\/119204","targetHints":{"allow":["GET"]}}],"collection":[{"href":"https:\/\/linitiative.ca\/International\/wp-json\/wp\/v2\/posts"}],"about":[{"href":"https:\/\/linitiative.ca\/International\/wp-json\/wp\/v2\/types\/post"}],"author":[{"embeddable":true,"href":"https:\/\/linitiative.ca\/International\/wp-json\/wp\/v2\/users\/1743"}],"replies":[{"embeddable":true,"href":"https:\/\/linitiative.ca\/International\/wp-json\/wp\/v2\/comments?post=119204"}],"version-history":[{"count":0,"href":"https:\/\/linitiative.ca\/International\/wp-json\/wp\/v2\/posts\/119204\/revisions"}],"wp:attachment":[{"href":"https:\/\/linitiative.ca\/International\/wp-json\/wp\/v2\/media?parent=119204"}],"wp:term":[{"taxonomy":"category","embeddable":true,"href":"https:\/\/linitiative.ca\/International\/wp-json\/wp\/v2\/categories?post=119204"},{"taxonomy":"post_tag","embeddable":true,"href":"https:\/\/linitiative.ca\/International\/wp-json\/wp\/v2\/tags?post=119204"}],"curies":[{"name":"wp","href":"https:\/\/api.w.org\/{rel}","templated":true}]}}