{"id":119206,"date":"2021-06-22T05:50:25","date_gmt":"2021-06-22T09:50:25","guid":{"rendered":"https:\/\/linitiative.ca\/International\/lopposition-sorganise\/"},"modified":"2021-06-22T05:50:25","modified_gmt":"2021-06-22T09:50:25","slug":"lopposition-sorganise","status":"publish","type":"post","link":"https:\/\/linitiative.ca\/International\/lopposition-sorganise\/","title":{"rendered":"L\u2019opposition s\u2019organise"},"content":{"rendered":"<div>\n<div class=\"sriret\"><img loading=\"lazy\" decoding=\"async\" width=\"2667\" height=\"1271\" src=\"https:\/\/linitiative.ca\/International\/wp-content\/uploads\/sites\/23\/2021\/06\/UNEEEEEEEEE-1.gif\" class=\"attachment-featured_large size-featured_large wp-post-image\" alt=\"\" style=\"margin-bottom: 15px;\"><\/div>\n<p class=\"p4\"><span class=\"s2\"><b>R\u00e9unis hier \u00e0 Alger, les membres de cette coalition de partis de la mouvance d\u00e9mocratique ont d\u00e9cid\u00e9, selon Ouamar Saoudi, de <i>\u00abtenir une journ\u00e9e de r\u00e9flexion sur des actions \u00e0 mener\u00bb<\/i>.<\/b><\/span><\/p>\n<p class=\"p4\"><span class=\"s2\"><b>L<\/b><\/span><span class=\"s2\">e rejet massif des l\u00e9gislatives du 12 juin, marqu\u00e9es par un taux historique d\u2019abstention et du boycott des urnes, donne visiblement des ailes aux partis de l\u2019opposition qui ne se sont pas engag\u00e9s dans cette joute. Ils estiment avoir vu juste et que la feuille de route du r\u00e9gime en place a subi un troisi\u00e8me revers en moins de deux ans\u00a0: pr\u00e9sidentielle du 12 d\u00e9cembre 2019, r\u00e9f\u00e9rendum du 1<sup>er<\/sup> novembre 2020 et l\u00e9gislatives du 12 juin dernier.<\/span><\/p>\n<p class=\"p4\"><span class=\"s2\">Trois consultations qui ont confirm\u00e9 un donne importante\u00a0: la crise de confiance est sans pr\u00e9c\u00e9dent et le pouvoir a \u00e9chou\u00e9 \u00e0 ramener les \u00e9lecteurs. Ce constat, explique Ouamar Saoudi, secr\u00e9taire national du RCD, est une preuve de <i>\u00abl\u2019isolement du pouvoir\u00bb<\/i>, qui n\u2019a plus suffisamment de client\u00e8le pour sauver les apparences.<\/span><\/p>\n<p class=\"p4\"><span class=\"s2\"><i>\u00abLe cafouillage autour du taux de participation qu\u2019ils n\u2019ont pas ramen\u00e9 \u00e0 une proportion acceptable suppose des interrogations\u00a0: est-ce qu\u2019il y a un accord au sommet du pouvoir\u00a0? Ce n\u2019est visiblement pas le cas, car m\u00eame la restauration symbolique du syst\u00e8me avec la reconduction de l\u2019alliance pr\u00e9sidentielle est faible. Il n\u2019y a pas de rapport de force favorable \u00e0 cette option\u00bb<\/i>, souligne-t-il.<\/span><\/p>\n<p class=\"p4\"><span class=\"s2\">Face \u00e0 ses \u00e9checs r\u00e9p\u00e9t\u00e9s, le pouvoir, selon le dirigeant du RCD, <i>\u00aba opt\u00e9 pour la r\u00e9pression\u00bb. \u00abCelle-ci n\u2019\u00e9tait pas conjoncturelle finalement. C\u2019est une option strat\u00e9gique du pouvoir qui continue de brimer les libert\u00e9s, en arr\u00eatant et en emprisonnant les militants politiques et les activistes du hirak.<\/i> <i>C\u2019est un signal inqui\u00e9tant qui vient d\u2019\u00eatre donn\u00e9\u00bb<\/i>, d\u00e9nonce-t-il.<\/span><\/p>\n<p class=\"p4\"><span class=\"s2\">Face \u00e0 cette situation, les forces du Pacte pour l\u2019alternative d\u00e9mocratique (PAD) pr\u00e9parent des actions. R\u00e9unis hier \u00e0 Alger, les membres de cette coalition de partis de la mouvance d\u00e9mocratique ont d\u00e9cid\u00e9, selon Ouamar Saoudi, de <i>\u00abtenir une journ\u00e9e de r\u00e9flexion sur des actions \u00e0 mener\u00bb<\/i>. <i>\u00abCette r\u00e9flexion sera \u00e9largie \u00e0 d\u2019autres forces en dehors du PAD\u00bb<\/i>, pr\u00e9cise-t-il, rappelant que le <i>\u00abrejet massif des derni\u00e8res l\u00e9gislatives est une autre forme de mobilisation des Alg\u00e9riens, apr\u00e8s celle des manifestations hebdomadaires dans le cadre du hirak\u00bb<\/i>.<\/span><\/p>\n<p class=\"p4\"><strong><span class=\"s2\">\u00abRespecter le droit du peuple \u00e0 d\u00e9cider de son sort\u00bb<\/span><\/strong><\/p>\n<p class=\"p4\"><span class=\"s2\">Pour Ramadan Taazibt, cadre dirigeant du Parti des travailleurs (PT), l\u2019avenir politique du pays <i>\u00abne concerne pas seulement les partis\u00bb. \u00abLe foss\u00e9 s\u2019\u00e9largit entre le peuple et le pouvoir. A cela, il faut ajouter la crise \u00e9conomique, le malaise social profond et l\u2019ill\u00e9gitimit\u00e9 des institutions. La situation est \u00e9galement intenable sur le plan des libert\u00e9s d\u00e9mocratiques\u00bb<\/i>, r\u00e9sume-t-il.<\/span><\/p>\n<p class=\"p4\"><span class=\"s2\">Selon lui, les r\u00e9sultats des derni\u00e8res l\u00e9gislatives sont <i>\u00abune autre forme d\u2019expression du ras-le-bol des millions d\u2019Alg\u00e9riens qui ont boud\u00e9 les urnes\u00bb. \u00abLes faits sont l\u00e0. Le parti d\u00e9clar\u00e9 vainqueur, en l\u2019occurrence le FLN, ne repr\u00e9sente que 1,2% de l\u2019\u00e9lectorat.<\/i><\/span><\/p>\n<p class=\"p4\"><span class=\"s2\"><i>Donc le probl\u00e8me de l\u00e9gitimit\u00e9 se pose avec acuit\u00e9\u00bb<\/i>, encha\u00eene-t-il. Ainsi, a-t-il indiqu\u00e9, la <i>\u00absolution \u00e0 cette crise ne viendra pas de ce que fait le pouvoir actuellement\u00bb<\/i>.<\/span><\/p>\n<p class=\"p4\"><span class=\"s2\"><i>\u00abIl faut redonner la parole au peuple alg\u00e9rien pour d\u00e9cider en toute souverainet\u00e9 de son sort et de la mani\u00e8re d\u2019\u00e9difier son Etat\u00bb<\/i>, dit-il, en rappelant la n\u00e9cessit\u00e9 de passer par <i>\u00abune constituante souveraine\u00bb<\/i> pour sortir le pays de ce bourbier.<\/span><\/p>\n<p class=\"p4\"><span class=\"s2\">Le responsable du PT appelle, dans la foul\u00e9e, <i>\u00ab\u00e0 l\u2019arr\u00eat de la r\u00e9pression, \u00e0 la lib\u00e9ration inconditionnelle des d\u00e9tenus d\u2019opinion et \u00e0 la lib\u00e9ration des champs politique et m\u00e9diatique\u00bb<\/i>. <\/span><\/p>\n<p class=\"p9\">\n<p>L\u2019article <a rel=\"nofollow\" href=\"https:\/\/www.elwatan.com\/edition\/actualite\/lopposition-sorganise-3-22-06-2021\">L\u2019opposition s\u2019organise<\/a> est apparu en premier sur <a rel=\"nofollow\" href=\"https:\/\/www.elwatan.com\/\">El Watan<\/a>.<\/p>\n<\/div>\n<p>Auteur: Anis Khecheba<br \/>\n<a href=\"https:\/\/www.elwatan.com\/edition\/actualite\/lopposition-sorganise-3-22-06-2021\">Cliquez ici pour lire l&rsquo;article depuis sa source.<\/a><\/p>\n","protected":false},"excerpt":{"rendered":"<p>R\u00e9unis hier \u00e0 Alger, les membres de cette coalition de partis de la mouvance d\u00e9mocratique ont d\u00e9cid\u00e9, selon Ouamar Saoudi, de \u00abtenir une journ\u00e9e de r\u00e9flexion sur des actions \u00e0 mener\u00bb. Le rejet massif des l\u00e9gislatives du 12 juin, marqu\u00e9es par un taux historique d\u2019abstention et du boycott des urnes, donne visiblement des ailes aux [&hellip;]<\/p>\n","protected":false},"author":1743,"featured_media":0,"comment_status":"closed","ping_status":"closed","sticky":false,"template":"","format":"standard","meta":{"fifu_image_url":"https:\/\/www.elwatan.com\/wp-content\/uploads\/2021\/06\/UNEEEEEEEEE-1.gif","fifu_image_alt":"L\u2019opposition s\u2019organise","footnotes":""},"categories":[73,53],"tags":[],"class_list":["post-119206","post","type-post","status-publish","format-standard","hentry","category-actualite","category-algerie"],"_links":{"self":[{"href":"https:\/\/linitiative.ca\/International\/wp-json\/wp\/v2\/posts\/119206","targetHints":{"allow":["GET"]}}],"collection":[{"href":"https:\/\/linitiative.ca\/International\/wp-json\/wp\/v2\/posts"}],"about":[{"href":"https:\/\/linitiative.ca\/International\/wp-json\/wp\/v2\/types\/post"}],"author":[{"embeddable":true,"href":"https:\/\/linitiative.ca\/International\/wp-json\/wp\/v2\/users\/1743"}],"replies":[{"embeddable":true,"href":"https:\/\/linitiative.ca\/International\/wp-json\/wp\/v2\/comments?post=119206"}],"version-history":[{"count":0,"href":"https:\/\/linitiative.ca\/International\/wp-json\/wp\/v2\/posts\/119206\/revisions"}],"wp:attachment":[{"href":"https:\/\/linitiative.ca\/International\/wp-json\/wp\/v2\/media?parent=119206"}],"wp:term":[{"taxonomy":"category","embeddable":true,"href":"https:\/\/linitiative.ca\/International\/wp-json\/wp\/v2\/categories?post=119206"},{"taxonomy":"post_tag","embeddable":true,"href":"https:\/\/linitiative.ca\/International\/wp-json\/wp\/v2\/tags?post=119206"}],"curies":[{"name":"wp","href":"https:\/\/api.w.org\/{rel}","templated":true}]}}