{"id":119208,"date":"2021-06-22T09:55:44","date_gmt":"2021-06-22T13:55:44","guid":{"rendered":"https:\/\/linitiative.ca\/International\/lete-du-festival-de-la-bande-dessinee-dalger-a-riadh-el-feth-trois-jours-dintenses-activites\/"},"modified":"2021-06-22T09:55:44","modified_gmt":"2021-06-22T13:55:44","slug":"lete-du-festival-de-la-bande-dessinee-dalger-a-riadh-el-feth-trois-jours-dintenses-activites","status":"publish","type":"post","link":"https:\/\/linitiative.ca\/International\/lete-du-festival-de-la-bande-dessinee-dalger-a-riadh-el-feth-trois-jours-dintenses-activites\/","title":{"rendered":"L\u2019\u00e9t\u00e9 du festival de la bande dessin\u00e9e d\u2019Alger \u00e0 Riadh El Feth : Trois jours d\u2019intenses activit\u00e9s"},"content":{"rendered":"<div>\n<div class=\"sriret\"><img loading=\"lazy\" decoding=\"async\" width=\"960\" height=\"540\" src=\"https:\/\/linitiative.ca\/International\/wp-content\/uploads\/sites\/23\/2021\/06\/FIBDA.jpeg\" class=\"attachment-featured_large size-featured_large wp-post-image\" alt=\"\" style=\"margin-bottom: 15px;\" srcset=\"https:\/\/linitiative.ca\/International\/wp-content\/uploads\/sites\/23\/2021\/06\/FIBDA.jpeg 960w, https:\/\/www.elwatan.com\/wp-content\/uploads\/2021\/06\/FIBDA-300x169.jpeg 300w, https:\/\/www.elwatan.com\/wp-content\/uploads\/2021\/06\/FIBDA-768x432.jpeg 768w\" sizes=\"auto, (max-width: 960px) 100vw, 960px\"><\/div>\n<p><strong><em>L\u2019Office National de Riadh El-Feth, vivra du 25 au 27 juin prochain, au rythme de l\u2019\u00e9t\u00e9 du festival de la bande dessin\u00e9e d\u2019Alger.\u00a0Excellente nouvelle pour les f\u00e9rus du 9\u00e8me art sachant que la 13e \u00e9dition du festival international de la bande dessin\u00e9e d\u2019Alger qui se devait se tenir l\u2019ann\u00e9e derni\u00e8re a \u00e9t\u00e9 annul\u00e9 en raison de la crise sanitaire due au Coronavirus.<\/em><\/strong><\/p>\n<p>Le nouveau commissaire du FIBDA Salim Brahimi, qui est \u00e9galement journaliste de t\u00e9l\u00e9 et de radio r\u00e9put\u00e9, a anim\u00e9, mardi matin, un point de presse au niveau du Petit Th\u00e9\u00e2tre de Riadh El-Feth \u00e0 Alger en compagnie du directeur de l\u2019Ecole Sup\u00e9rieure des Beaux-arts d\u2019Alger Djamel Laroug et du directeur artistique du festival Djaoudet Gassouma et ce, pour annoncer la tenue de la manifestation l\u2019\u00e9t\u00e9 du FIBDA tout en donnant les grandes lignes du programme.<\/p>\n<p>Le commissaire du festival international de la bande dessin\u00e9e Salim Brahimi indique que compte tenu du non d\u00e9roulement l\u2019ann\u00e9e derni\u00e8re de la 13e \u00e9dition du Fibda, le nouveau staff du festival et la direction de l\u2019Oref ont d\u00e9cid\u00e9 de cr\u00e9er un petit \u00e9v\u00e9nement sans grand moyen.<\/p>\n<p><em>\u00ab C\u2019est juste, dit-il, un \u00e9v\u00e9nement pour r\u00e9pondre \u00e0 la demande des \u00e9l\u00e8ves qui ont pass\u00e9 les examens du BEM et du Bac. C\u2019est pour leur offrir un nouvel espace qui s\u2019appellera l\u2019\u00e9t\u00e9 du FIBDA. Il ne s\u2019agit pas d\u2019un festival mais d\u2019une rencontre que nous voulons perp\u00e9tuer. Cette rencontre marquera la fin des examens. Et le d\u00e9but des vacances scolaires\u00bb<\/em>.<\/p>\n<p>A travers cet \u00e9v\u00e9nement culturel, les organisateurs veulent offrir un espace aux exposants pour pouvoir pr\u00e9senter et vendre leurs nouvelles sorties en termes de bandes dessin\u00e9es et en d\u00e9riv\u00e9s de produits de bandes dessin\u00e9es. Offrir, \u00e9galement, aux auteurs et aux artistes un espace o\u00f9 ils pourront pr\u00e9senter leurs \u0153uvres et discuter avec le public.<\/p>\n<p>Il est, \u00e9galement, question d\u2019offrir au public un espace o\u00f9 il pourra trouver l\u2019ensemble des anciens titres consacr\u00e9s aux bulles alg\u00e9riennes. Douze maisons d\u2019\u00e9ditions alg\u00e9riennes ont confirm\u00e9 leur pr\u00e9sence \u00e0 ce mini-festival dont entre autres, l\u2019Anep, l\u2019Enag, Dalimen, Z-Link, la revue pour enfants Roumaida, Crom maison, El Kalima, HB Manga Kissa, Pins et le stand du Fibda.<\/p>\n<p>De m\u00eame qu\u2019un autre espace sera consacr\u00e9 aux artistes peintres et plasticiens. On notera la participation des artistes Abderrahmane Kahlane, Omar Khiter et Walid Tighiouart. Ainsi, l\u2019\u00e9t\u00e9 du Fibda se d\u00e9roulera, durant trois jours, en plein air.<\/p>\n<p>Il prendra possession d\u2019une partie du niveau 112 du deuxi\u00e8me \u00e9tage de l\u2019Oref, soit l\u2019espace mitoyen \u00e0 la salle Ibn-Zeydoun. Le commissaire du festival Salim Brahimi annonce la tenue de trois ateliers durant l\u2019\u00e9t\u00e9 du Fibda. Ces derniers seront, d\u2019ailleurs, pris en charge par l\u2019Agence Alg\u00e9rienne pour le rayonnement culturel et l\u2019Office National des Droits d\u2019auteurs. Le premier atelier d\u2019initiation sera destin\u00e9 aux enfants de moins de douze ans, anim\u00e9 par Hanane Hanane Benmediouni. Le sp\u00e9cialiste des bulles Samir Toudji alias Togui prendra, quand \u00e0 lui, en charge le deuxi\u00e8me atelier, consacr\u00e9 aux adolescents et aux jeunes adultes.<\/p>\n<p>Le dernier atelier sera assur\u00e9 par l\u2019accessoiriste de cin\u00e9ma Sid Ali Rachedi, travaillant pour le compte du CADC. Il expliquera aux cosplayers la fabrication et l\u2019utilit\u00e9 des accessoires de cin\u00e9ma. La programmation pr\u00e9voit, en outre, pour le samedi 28 juin, la c\u00e9r\u00e9monie de remise du prix Cosplay Alg\u00e9rie.<\/p>\n<p>Pour rappel, le concours s\u2019est d\u00e9roul\u00e9 en 2019 mais les prix n\u2019ont pas pu \u00eatre remis \u00e0 cause du confinement. La cl\u00f4ture quand \u00e0 elle, sera marqu\u00e9e par la remise des prix pour les meilleurs participants des deux ateliers de bandes dessin\u00e9es.<\/p>\n<p>Du c\u00f4t\u00e9 des ventes promotionnelles, des r\u00e9ductions allant de 30% seront accord\u00e9s \u00e0 quelques bandes dessin\u00e9es de la librairie du Fibda. Les potentiels int\u00e9ress\u00e9s de cette manifestation culturelle pourront acc\u00e9der au festival tout en respectant les r\u00e8gles sanitaires en d\u00e9boursant la modique somme de 200 da.<\/p>\n<p>Les horaires d\u2019ouvertures au public sont compris entre 10h et 18h. Il est \u00e0 noter, par ailleurs, que cette conf\u00e9rence de presse a permis au commissaire du Fibda Salim Brahimi et du directeur de l\u2019Ecole Sup\u00e9rieur des Beaux-Arts d\u2019Alger Djamel Laroug de signer une convention, portant sur plusieurs axes.<\/p>\n<p>Le premier axe repose sur l\u2019application des tarifs pr\u00e9f\u00e9rentiels de l\u2019ordre de 50% sur la billetterie \u00e0 l\u2019entr\u00e9e du Festival International de la bande dessin\u00e9e d\u2019Alger aux \u00e9tudiants des Beaux-arts. Le deuxi\u00e8me axe consistera \u00e0 l\u2019organisation d\u2019ateliers, de workshops et de visions conf\u00e9rence.<\/p>\n<p>De m\u00eame qu\u2019il est aussi question d\u2019organiser des concours, des expositions et des fresques au niveau des Beaux-arts d\u2019Alger. Justement, lors de la conf\u00e9rence de presse, le coup d\u2019envoi d\u2019une fresque a \u00e9t\u00e9 donn\u00e9 avec pour th\u00e8me principal \u00ab la lutte contre le Covid avec la bande dessin\u00e9e \u00bb.<\/p>\n<p>Des toiles ont \u00e9t\u00e9 remises aux repr\u00e9sentants des Beaux- Arts. Le travail des \u00e9tudiants sera d\u00e9voil\u00e9 en octobre prochain, lors de la prochaine \u00e9dition du festival international de la bande dessin\u00e9e. Le dernier point de la convention porte sur la collaboration et l\u2019apport du FIBDA pour la cr\u00e9ation d\u2019un module en bande dessin\u00e9e, qui avec le temps deviendra une sp\u00e9cialit\u00e9 BD \u00e0 l\u2019Ecole Sup\u00e9rieure des Beaux-arts d\u2019Alger.<\/p>\n<p>L\u2019article <a rel=\"nofollow\" href=\"https:\/\/www.elwatan.com\/edition\/culture\/lete-du-festival-de-la-bande-dessinee-dalger-a-riadh-el-feth-trois-jours-dintenses-activites-22-06-2021\">L\u2019\u00e9t\u00e9 du festival de la bande dessin\u00e9e d\u2019Alger \u00e0 Riadh El Feth : Trois jours d\u2019intenses activit\u00e9s<\/a> est apparu en premier sur <a rel=\"nofollow\" href=\"https:\/\/www.elwatan.com\/\">El Watan<\/a>.<\/p>\n<\/div>\n<p>Auteur: Mohand Yahiaoui<br \/>\n<a href=\"https:\/\/www.elwatan.com\/edition\/culture\/lete-du-festival-de-la-bande-dessinee-dalger-a-riadh-el-feth-trois-jours-dintenses-activites-22-06-2021\">Cliquez ici pour lire l&rsquo;article depuis sa source.<\/a><\/p>\n","protected":false},"excerpt":{"rendered":"<p>L\u2019Office National de Riadh El-Feth, vivra du 25 au 27 juin prochain, au rythme de l\u2019\u00e9t\u00e9 du festival de la bande dessin\u00e9e d\u2019Alger.\u00a0Excellente nouvelle pour les f\u00e9rus du 9\u00e8me art sachant que la 13e \u00e9dition du festival international de la bande dessin\u00e9e d\u2019Alger qui se devait se tenir l\u2019ann\u00e9e derni\u00e8re a \u00e9t\u00e9 annul\u00e9 en raison [&hellip;]<\/p>\n","protected":false},"author":1743,"featured_media":0,"comment_status":"closed","ping_status":"closed","sticky":false,"template":"","format":"standard","meta":{"fifu_image_url":"https:\/\/www.elwatan.com\/wp-content\/uploads\/2021\/06\/FIBDA.jpeg","fifu_image_alt":"L\u2019\u00e9t\u00e9 du festival de la bande dessin\u00e9e d\u2019Alger \u00e0 Riadh El Feth : Trois jours d\u2019intenses activit\u00e9s","footnotes":""},"categories":[73,53],"tags":[],"class_list":["post-119208","post","type-post","status-publish","format-standard","hentry","category-actualite","category-algerie"],"_links":{"self":[{"href":"https:\/\/linitiative.ca\/International\/wp-json\/wp\/v2\/posts\/119208","targetHints":{"allow":["GET"]}}],"collection":[{"href":"https:\/\/linitiative.ca\/International\/wp-json\/wp\/v2\/posts"}],"about":[{"href":"https:\/\/linitiative.ca\/International\/wp-json\/wp\/v2\/types\/post"}],"author":[{"embeddable":true,"href":"https:\/\/linitiative.ca\/International\/wp-json\/wp\/v2\/users\/1743"}],"replies":[{"embeddable":true,"href":"https:\/\/linitiative.ca\/International\/wp-json\/wp\/v2\/comments?post=119208"}],"version-history":[{"count":0,"href":"https:\/\/linitiative.ca\/International\/wp-json\/wp\/v2\/posts\/119208\/revisions"}],"wp:attachment":[{"href":"https:\/\/linitiative.ca\/International\/wp-json\/wp\/v2\/media?parent=119208"}],"wp:term":[{"taxonomy":"category","embeddable":true,"href":"https:\/\/linitiative.ca\/International\/wp-json\/wp\/v2\/categories?post=119208"},{"taxonomy":"post_tag","embeddable":true,"href":"https:\/\/linitiative.ca\/International\/wp-json\/wp\/v2\/tags?post=119208"}],"curies":[{"name":"wp","href":"https:\/\/api.w.org\/{rel}","templated":true}]}}