{"id":119212,"date":"2021-06-22T06:18:00","date_gmt":"2021-06-22T10:18:00","guid":{"rendered":"https:\/\/linitiative.ca\/International\/epson-celebre-ses-20-ans-en-tant-que-leader-mondial-dans-les-projecteurs\/"},"modified":"2021-06-22T06:18:00","modified_gmt":"2021-06-22T10:18:00","slug":"epson-celebre-ses-20-ans-en-tant-que-leader-mondial-dans-les-projecteurs","status":"publish","type":"post","link":"https:\/\/linitiative.ca\/International\/epson-celebre-ses-20-ans-en-tant-que-leader-mondial-dans-les-projecteurs\/","title":{"rendered":"Epson c\u00e9l\u00e8bre ses 20 ans en tant que leader mondial dans les projecteurs"},"content":{"rendered":"<div><img decoding=\"async\" src=\"https:\/\/linitiative.ca\/International\/wp-content\/uploads\/sites\/23\/2021\/06\/1624355959_article.jpg\" alt=\"Epson c\u00e9l\u00e8bre ses 20 ans en tant que leader mondial dans les projecteurs\" align=\"left\">Epson, la marque leader mondiale de projecteurs, c\u00e9l\u00e8bre ses 20 ans en tant que premier fabricant mondial de projecteurs. En l\u2019espace de huit ans, Epson est \u00e9galement devenu le leader sur le march\u00e9 des projecteurs professionnels dans la r\u00e9gion EMEA. 1Cette nouvelle survient alors qu\u2019Epson nomme Massimo Pizzocri au poste de nouveau vice-pr\u00e9sident du d\u00e9partement des projecteurs professionnels, en remplacement de Neil Colquhoun qui dirige d\u00e9sormais les op\u00e9rations d\u2019Epson dans la r\u00e9gion CISMEA.<br \/>\nMassimo Pizzocri a pass\u00e9 plus de 20 ans chez Epson, et a contribu\u00e9 \u00e0 consolider la r\u00e9ussite d\u2019Epson dans plusieurs domaines. Massimo Pizzocri a d\u00e9but\u00e9 sa carri\u00e8re au sein &#8230;<\/p>\n<\/div>\n<p>Auteur:<br \/>\n<a href=\"https:\/\/www.leaders.com.tn\/article\/32067-epson-celebre-ses-20-ans-en-tant-que-leader-mondial-dans-les-projecteurs\">Cliquez ici pour lire l&rsquo;article depuis sa source.<\/a><\/p>\n","protected":false},"excerpt":{"rendered":"<p>Epson, la marque leader mondiale de projecteurs, c\u00e9l\u00e8bre ses 20 ans en tant que premier fabricant mondial de projecteurs. En l\u2019espace de huit ans, Epson est \u00e9galement devenu le leader sur le march\u00e9 des projecteurs professionnels dans la r\u00e9gion EMEA. 1Cette nouvelle survient alors qu\u2019Epson nomme Massimo Pizzocri au poste de nouveau vice-pr\u00e9sident du d\u00e9partement [&hellip;]<\/p>\n","protected":false},"author":1772,"featured_media":0,"comment_status":"closed","ping_status":"closed","sticky":false,"template":"","format":"standard","meta":{"fifu_image_url":"http:\/\/www.leaders.com.tn\/uploads\/content\/thumbnails_small\/1624355959_article.jpg","fifu_image_alt":"Epson c\u00e9l\u00e8bre ses 20 ans en tant que leader mondial dans les projecteurs","footnotes":""},"categories":[73,55],"tags":[],"class_list":["post-119212","post","type-post","status-publish","format-standard","hentry","category-actualite","category-tunisie"],"_links":{"self":[{"href":"https:\/\/linitiative.ca\/International\/wp-json\/wp\/v2\/posts\/119212","targetHints":{"allow":["GET"]}}],"collection":[{"href":"https:\/\/linitiative.ca\/International\/wp-json\/wp\/v2\/posts"}],"about":[{"href":"https:\/\/linitiative.ca\/International\/wp-json\/wp\/v2\/types\/post"}],"author":[{"embeddable":true,"href":"https:\/\/linitiative.ca\/International\/wp-json\/wp\/v2\/users\/1772"}],"replies":[{"embeddable":true,"href":"https:\/\/linitiative.ca\/International\/wp-json\/wp\/v2\/comments?post=119212"}],"version-history":[{"count":0,"href":"https:\/\/linitiative.ca\/International\/wp-json\/wp\/v2\/posts\/119212\/revisions"}],"wp:attachment":[{"href":"https:\/\/linitiative.ca\/International\/wp-json\/wp\/v2\/media?parent=119212"}],"wp:term":[{"taxonomy":"category","embeddable":true,"href":"https:\/\/linitiative.ca\/International\/wp-json\/wp\/v2\/categories?post=119212"},{"taxonomy":"post_tag","embeddable":true,"href":"https:\/\/linitiative.ca\/International\/wp-json\/wp\/v2\/tags?post=119212"}],"curies":[{"name":"wp","href":"https:\/\/api.w.org\/{rel}","templated":true}]}}