{"id":119221,"date":"2021-06-22T06:00:00","date_gmt":"2021-06-22T10:00:00","guid":{"rendered":"https:\/\/linitiative.ca\/International\/benzema-retrouve-ronaldo-aux-bons-souvenirs-du-real\/"},"modified":"2021-06-22T06:00:00","modified_gmt":"2021-06-22T10:00:00","slug":"benzema-retrouve-ronaldo-aux-bons-souvenirs-du-real","status":"publish","type":"post","link":"https:\/\/linitiative.ca\/International\/benzema-retrouve-ronaldo-aux-bons-souvenirs-du-real\/","title":{"rendered":"Benzema retrouve Ronaldo, aux bons souvenirs du Real"},"content":{"rendered":"<div>Adversaires mercredi pour le choc France-Portugal \u00e0 l&rsquo;Euro, Karim Benzema et Cristiano Ronaldo ont fait le bonheur du Real Madrid pendant neuf saisons communes, dans un m\u00e9lange d&rsquo;altruisme et de respect r\u00e9ciproque assez rares pour ces stars obs\u00e9d\u00e9es par<\/div>\n<p>Auteur:<br \/>\n<a href=\"https:\/\/www.lesoirdalgerie.com\/sports\/benzema-retrouve-ronaldo-aux-bons-souvenirs-du-real-63233\">Cliquez ici pour lire l&rsquo;article depuis sa source.<\/a><\/p>\n","protected":false},"excerpt":{"rendered":"<p>Adversaires mercredi pour le choc France-Portugal \u00e0 l&rsquo;Euro, Karim Benzema et Cristiano Ronaldo ont fait le bonheur du Real Madrid pendant neuf saisons communes, dans un m\u00e9lange d&rsquo;altruisme et de respect r\u00e9ciproque assez rares pour ces stars obs\u00e9d\u00e9es par Auteur: Cliquez ici pour lire l&rsquo;article depuis sa source.<\/p>\n","protected":false},"author":1741,"featured_media":0,"comment_status":"closed","ping_status":"closed","sticky":false,"template":"","format":"standard","meta":{"fifu_image_url":"","fifu_image_alt":"","footnotes":""},"categories":[73,53],"tags":[],"class_list":["post-119221","post","type-post","status-publish","format-standard","hentry","category-actualite","category-algerie"],"_links":{"self":[{"href":"https:\/\/linitiative.ca\/International\/wp-json\/wp\/v2\/posts\/119221","targetHints":{"allow":["GET"]}}],"collection":[{"href":"https:\/\/linitiative.ca\/International\/wp-json\/wp\/v2\/posts"}],"about":[{"href":"https:\/\/linitiative.ca\/International\/wp-json\/wp\/v2\/types\/post"}],"author":[{"embeddable":true,"href":"https:\/\/linitiative.ca\/International\/wp-json\/wp\/v2\/users\/1741"}],"replies":[{"embeddable":true,"href":"https:\/\/linitiative.ca\/International\/wp-json\/wp\/v2\/comments?post=119221"}],"version-history":[{"count":0,"href":"https:\/\/linitiative.ca\/International\/wp-json\/wp\/v2\/posts\/119221\/revisions"}],"wp:attachment":[{"href":"https:\/\/linitiative.ca\/International\/wp-json\/wp\/v2\/media?parent=119221"}],"wp:term":[{"taxonomy":"category","embeddable":true,"href":"https:\/\/linitiative.ca\/International\/wp-json\/wp\/v2\/categories?post=119221"},{"taxonomy":"post_tag","embeddable":true,"href":"https:\/\/linitiative.ca\/International\/wp-json\/wp\/v2\/tags?post=119221"}],"curies":[{"name":"wp","href":"https:\/\/api.w.org\/{rel}","templated":true}]}}