{"id":119222,"date":"2021-06-22T06:00:00","date_gmt":"2021-06-22T10:00:00","guid":{"rendered":"https:\/\/linitiative.ca\/International\/sans-nouvelles-dokello\/"},"modified":"2021-06-22T06:00:00","modified_gmt":"2021-06-22T10:00:00","slug":"sans-nouvelles-dokello","status":"publish","type":"post","link":"https:\/\/linitiative.ca\/International\/sans-nouvelles-dokello\/","title":{"rendered":"Sans nouvelles d\u2019Okello"},"content":{"rendered":"<div>L\u2019\u00e9quipe du Paradou AC attend le retour de son international ougandais Allan Okello, parti rejoindre sa s\u00e9lection lors de la derni\u00e8re date Fifa mais qui tarde \u00e0 rallier Alger pour reprendre sa place au sein de la formation banlieusarde. Une absence qui<\/div>\n<p>Auteur:<br \/>\n<a href=\"https:\/\/www.lesoirdalgerie.com\/sports\/sans-nouvelles-dokello-63232\">Cliquez ici pour lire l&rsquo;article depuis sa source.<\/a><\/p>\n","protected":false},"excerpt":{"rendered":"<p>L\u2019\u00e9quipe du Paradou AC attend le retour de son international ougandais Allan Okello, parti rejoindre sa s\u00e9lection lors de la derni\u00e8re date Fifa mais qui tarde \u00e0 rallier Alger pour reprendre sa place au sein de la formation banlieusarde. Une absence qui Auteur: Cliquez ici pour lire l&rsquo;article depuis sa source.<\/p>\n","protected":false},"author":1741,"featured_media":0,"comment_status":"closed","ping_status":"closed","sticky":false,"template":"","format":"standard","meta":{"fifu_image_url":"","fifu_image_alt":"","footnotes":""},"categories":[73,53],"tags":[],"class_list":["post-119222","post","type-post","status-publish","format-standard","hentry","category-actualite","category-algerie"],"_links":{"self":[{"href":"https:\/\/linitiative.ca\/International\/wp-json\/wp\/v2\/posts\/119222","targetHints":{"allow":["GET"]}}],"collection":[{"href":"https:\/\/linitiative.ca\/International\/wp-json\/wp\/v2\/posts"}],"about":[{"href":"https:\/\/linitiative.ca\/International\/wp-json\/wp\/v2\/types\/post"}],"author":[{"embeddable":true,"href":"https:\/\/linitiative.ca\/International\/wp-json\/wp\/v2\/users\/1741"}],"replies":[{"embeddable":true,"href":"https:\/\/linitiative.ca\/International\/wp-json\/wp\/v2\/comments?post=119222"}],"version-history":[{"count":0,"href":"https:\/\/linitiative.ca\/International\/wp-json\/wp\/v2\/posts\/119222\/revisions"}],"wp:attachment":[{"href":"https:\/\/linitiative.ca\/International\/wp-json\/wp\/v2\/media?parent=119222"}],"wp:term":[{"taxonomy":"category","embeddable":true,"href":"https:\/\/linitiative.ca\/International\/wp-json\/wp\/v2\/categories?post=119222"},{"taxonomy":"post_tag","embeddable":true,"href":"https:\/\/linitiative.ca\/International\/wp-json\/wp\/v2\/tags?post=119222"}],"curies":[{"name":"wp","href":"https:\/\/api.w.org\/{rel}","templated":true}]}}