{"id":119231,"date":"2021-06-22T16:41:46","date_gmt":"2021-06-22T20:41:46","guid":{"rendered":"https:\/\/linitiative.ca\/International\/scandaleux-baccalaureat-decouverte-de-cas-de-triche-dans-un-lycee-pilote\/"},"modified":"2021-06-22T16:41:46","modified_gmt":"2021-06-22T20:41:46","slug":"scandaleux-baccalaureat-decouverte-de-cas-de-triche-dans-un-lycee-pilote","status":"publish","type":"post","link":"https:\/\/linitiative.ca\/International\/scandaleux-baccalaureat-decouverte-de-cas-de-triche-dans-un-lycee-pilote\/","title":{"rendered":"Scandaleux-Baccalaur\u00e9at : D\u00e9couverte de cas de triche dans un lyc\u00e9e pilote !"},"content":{"rendered":"<div>\n<p>Le Directeur G\u00e9n\u00e9ral des Examens au minist\u00e8re de l\u2019Education, M. Omar Ouelbani a annonc\u00e9 ce mardi 22 juin 2021 que les cas de triche ont atteint 467 cas au cours des premiers jours du Baccalaur\u00e9at, contre 334 cas enregistr\u00e9s pendant la session principale de l\u2019ann\u00e9e derni\u00e8re. Dans une d\u00e9claration \u00e0 l\u2019Agence de presse Tunis-Afrique, il [\u2026]<\/p>\n<p>L\u2019article <a href=\"https:\/\/www.tunisienumerique.com\/scandaleux-baccalaureat-decouverte-de-cas-de-triche-dans-un-lycee-pilote\/\">Scandaleux-Baccalaur\u00e9at : D\u00e9couverte de cas de triche dans un lyc\u00e9e pilote !<\/a> est apparu en premier sur <a href=\"https:\/\/www.tunisienumerique.com\/\">Tunisie<\/a>.<\/p>\n<\/div>\n<p>Auteur: rania ben slimane<br \/>\n<a href=\"https:\/\/www.tunisienumerique.com\/scandaleux-baccalaureat-decouverte-de-cas-de-triche-dans-un-lycee-pilote\/\">Cliquez ici pour lire l&rsquo;article depuis sa source.<\/a><\/p>\n","protected":false},"excerpt":{"rendered":"<p>Le Directeur G\u00e9n\u00e9ral des Examens au minist\u00e8re de l\u2019Education, M. Omar Ouelbani a annonc\u00e9 ce mardi 22 juin 2021 que les cas de triche ont atteint 467 cas au cours des premiers jours du Baccalaur\u00e9at, contre 334 cas enregistr\u00e9s pendant la session principale de l\u2019ann\u00e9e derni\u00e8re. Dans une d\u00e9claration \u00e0 l\u2019Agence de presse Tunis-Afrique, il [&hellip;]<\/p>\n","protected":false},"author":1789,"featured_media":0,"comment_status":"closed","ping_status":"closed","sticky":false,"template":"","format":"standard","meta":{"fifu_image_url":"","fifu_image_alt":"","footnotes":""},"categories":[73,55],"tags":[],"class_list":["post-119231","post","type-post","status-publish","format-standard","hentry","category-actualite","category-tunisie"],"_links":{"self":[{"href":"https:\/\/linitiative.ca\/International\/wp-json\/wp\/v2\/posts\/119231","targetHints":{"allow":["GET"]}}],"collection":[{"href":"https:\/\/linitiative.ca\/International\/wp-json\/wp\/v2\/posts"}],"about":[{"href":"https:\/\/linitiative.ca\/International\/wp-json\/wp\/v2\/types\/post"}],"author":[{"embeddable":true,"href":"https:\/\/linitiative.ca\/International\/wp-json\/wp\/v2\/users\/1789"}],"replies":[{"embeddable":true,"href":"https:\/\/linitiative.ca\/International\/wp-json\/wp\/v2\/comments?post=119231"}],"version-history":[{"count":0,"href":"https:\/\/linitiative.ca\/International\/wp-json\/wp\/v2\/posts\/119231\/revisions"}],"wp:attachment":[{"href":"https:\/\/linitiative.ca\/International\/wp-json\/wp\/v2\/media?parent=119231"}],"wp:term":[{"taxonomy":"category","embeddable":true,"href":"https:\/\/linitiative.ca\/International\/wp-json\/wp\/v2\/categories?post=119231"},{"taxonomy":"post_tag","embeddable":true,"href":"https:\/\/linitiative.ca\/International\/wp-json\/wp\/v2\/tags?post=119231"}],"curies":[{"name":"wp","href":"https:\/\/api.w.org\/{rel}","templated":true}]}}