{"id":119233,"date":"2021-06-22T16:59:59","date_gmt":"2021-06-22T20:59:59","guid":{"rendered":"https:\/\/linitiative.ca\/International\/tunisie-ben-fraj-nous-sommes-en-train-de-payer-le-prix-de-notre-retard-pour-lachat-des-vaccins\/"},"modified":"2021-06-22T16:59:59","modified_gmt":"2021-06-22T20:59:59","slug":"tunisie-ben-fraj-nous-sommes-en-train-de-payer-le-prix-de-notre-retard-pour-lachat-des-vaccins","status":"publish","type":"post","link":"https:\/\/linitiative.ca\/International\/tunisie-ben-fraj-nous-sommes-en-train-de-payer-le-prix-de-notre-retard-pour-lachat-des-vaccins\/","title":{"rendered":"Tunisie \u2013 Ben Fraj\u00a0: Nous sommes en train de payer le prix de notre retard pour l\u2019achat des vaccins"},"content":{"rendered":"<div>\n<p>L\u2019ex-d\u00e9put\u00e9 Sahbi Ben Fraj a assur\u00e9, ce mardi, au micro d\u2019une radio priv\u00e9e que la situation actuelle \u00e0 Kairouan, \u00e0 B\u00e9ja et \u00e0 Zaghouan est catastrophique et qu\u2019elle est devenue hors de contr\u00f4le. Il a expliqu\u00e9 que nus somme en train de payer, l\u00e0, le prix fort de notre retard pour acheter et ramener les [\u2026]<\/p>\n<p>L\u2019article <a href=\"https:\/\/www.tunisienumerique.com\/tunisie-ben-fraj-nous-sommes-en-train-de-payer-le-prix-de-notre-retard-pour-lachat-des-vaccins\/\">Tunisie \u2013 Ben Fraj\u00a0: Nous sommes en train de payer le prix de notre retard pour l\u2019achat des vaccins<\/a> est apparu en premier sur <a href=\"https:\/\/www.tunisienumerique.com\/\">Tunisie<\/a>.<\/p>\n<\/div>\n<p>Auteur: LM<br \/>\n<a href=\"https:\/\/www.tunisienumerique.com\/tunisie-ben-fraj-nous-sommes-en-train-de-payer-le-prix-de-notre-retard-pour-lachat-des-vaccins\/\">Cliquez ici pour lire l&rsquo;article depuis sa source.<\/a><\/p>\n","protected":false},"excerpt":{"rendered":"<p>L\u2019ex-d\u00e9put\u00e9 Sahbi Ben Fraj a assur\u00e9, ce mardi, au micro d\u2019une radio priv\u00e9e que la situation actuelle \u00e0 Kairouan, \u00e0 B\u00e9ja et \u00e0 Zaghouan est catastrophique et qu\u2019elle est devenue hors de contr\u00f4le. Il a expliqu\u00e9 que nus somme en train de payer, l\u00e0, le prix fort de notre retard pour acheter et ramener les [&hellip;]<\/p>\n","protected":false},"author":1789,"featured_media":0,"comment_status":"closed","ping_status":"closed","sticky":false,"template":"","format":"standard","meta":{"fifu_image_url":"","fifu_image_alt":"","footnotes":""},"categories":[73,55],"tags":[],"class_list":["post-119233","post","type-post","status-publish","format-standard","hentry","category-actualite","category-tunisie"],"_links":{"self":[{"href":"https:\/\/linitiative.ca\/International\/wp-json\/wp\/v2\/posts\/119233","targetHints":{"allow":["GET"]}}],"collection":[{"href":"https:\/\/linitiative.ca\/International\/wp-json\/wp\/v2\/posts"}],"about":[{"href":"https:\/\/linitiative.ca\/International\/wp-json\/wp\/v2\/types\/post"}],"author":[{"embeddable":true,"href":"https:\/\/linitiative.ca\/International\/wp-json\/wp\/v2\/users\/1789"}],"replies":[{"embeddable":true,"href":"https:\/\/linitiative.ca\/International\/wp-json\/wp\/v2\/comments?post=119233"}],"version-history":[{"count":0,"href":"https:\/\/linitiative.ca\/International\/wp-json\/wp\/v2\/posts\/119233\/revisions"}],"wp:attachment":[{"href":"https:\/\/linitiative.ca\/International\/wp-json\/wp\/v2\/media?parent=119233"}],"wp:term":[{"taxonomy":"category","embeddable":true,"href":"https:\/\/linitiative.ca\/International\/wp-json\/wp\/v2\/categories?post=119233"},{"taxonomy":"post_tag","embeddable":true,"href":"https:\/\/linitiative.ca\/International\/wp-json\/wp\/v2\/tags?post=119233"}],"curies":[{"name":"wp","href":"https:\/\/api.w.org\/{rel}","templated":true}]}}