{"id":119235,"date":"2021-06-22T17:14:03","date_gmt":"2021-06-22T21:14:03","guid":{"rendered":"https:\/\/linitiative.ca\/International\/tunisie-mechichi-ceux-qui-attendent-la-demission-ne-me-connaissent-pas-assez\/"},"modified":"2021-06-22T17:14:03","modified_gmt":"2021-06-22T21:14:03","slug":"tunisie-mechichi-ceux-qui-attendent-la-demission-ne-me-connaissent-pas-assez","status":"publish","type":"post","link":"https:\/\/linitiative.ca\/International\/tunisie-mechichi-ceux-qui-attendent-la-demission-ne-me-connaissent-pas-assez\/","title":{"rendered":"Tunisie \u2013 Mechichi\u00a0: Ceux qui attendent la d\u00e9mission ne me connaissent pas assez\u00a0!"},"content":{"rendered":"<div>\n<p>Le chef du gouvernement, Hichem Mechichi, a tranch\u00e9, ce mardi martin, la question de sa suppos\u00e9e prochaine d\u00e9mission, quand il a assur\u00e9, au micro de Shems FM, que ceux qui parlent de sa d\u00e9mission ne le connaissent pas suffisamment. Il a ajout\u00e9 qu\u2019il est responsable, et que la question de sa d\u00e9mission n\u2019est pas \u00e0 [\u2026]<\/p>\n<p>L\u2019article <a href=\"https:\/\/www.tunisienumerique.com\/tunisie-mechichi-ceux-qui-attendent-la-demission-ne-me-connaissent-pas-assez\/\">Tunisie \u2013 Mechichi\u00a0: Ceux qui attendent la d\u00e9mission ne me connaissent pas assez\u00a0!<\/a> est apparu en premier sur <a href=\"https:\/\/www.tunisienumerique.com\/\">Tunisie<\/a>.<\/p>\n<\/div>\n<p>Auteur: LM<br \/>\n<a href=\"https:\/\/www.tunisienumerique.com\/tunisie-mechichi-ceux-qui-attendent-la-demission-ne-me-connaissent-pas-assez\/\">Cliquez ici pour lire l&rsquo;article depuis sa source.<\/a><\/p>\n","protected":false},"excerpt":{"rendered":"<p>Le chef du gouvernement, Hichem Mechichi, a tranch\u00e9, ce mardi martin, la question de sa suppos\u00e9e prochaine d\u00e9mission, quand il a assur\u00e9, au micro de Shems FM, que ceux qui parlent de sa d\u00e9mission ne le connaissent pas suffisamment. Il a ajout\u00e9 qu\u2019il est responsable, et que la question de sa d\u00e9mission n\u2019est pas \u00e0 [&hellip;]<\/p>\n","protected":false},"author":1789,"featured_media":0,"comment_status":"closed","ping_status":"closed","sticky":false,"template":"","format":"standard","meta":{"fifu_image_url":"","fifu_image_alt":"","footnotes":""},"categories":[73,55],"tags":[],"class_list":["post-119235","post","type-post","status-publish","format-standard","hentry","category-actualite","category-tunisie"],"_links":{"self":[{"href":"https:\/\/linitiative.ca\/International\/wp-json\/wp\/v2\/posts\/119235","targetHints":{"allow":["GET"]}}],"collection":[{"href":"https:\/\/linitiative.ca\/International\/wp-json\/wp\/v2\/posts"}],"about":[{"href":"https:\/\/linitiative.ca\/International\/wp-json\/wp\/v2\/types\/post"}],"author":[{"embeddable":true,"href":"https:\/\/linitiative.ca\/International\/wp-json\/wp\/v2\/users\/1789"}],"replies":[{"embeddable":true,"href":"https:\/\/linitiative.ca\/International\/wp-json\/wp\/v2\/comments?post=119235"}],"version-history":[{"count":0,"href":"https:\/\/linitiative.ca\/International\/wp-json\/wp\/v2\/posts\/119235\/revisions"}],"wp:attachment":[{"href":"https:\/\/linitiative.ca\/International\/wp-json\/wp\/v2\/media?parent=119235"}],"wp:term":[{"taxonomy":"category","embeddable":true,"href":"https:\/\/linitiative.ca\/International\/wp-json\/wp\/v2\/categories?post=119235"},{"taxonomy":"post_tag","embeddable":true,"href":"https:\/\/linitiative.ca\/International\/wp-json\/wp\/v2\/tags?post=119235"}],"curies":[{"name":"wp","href":"https:\/\/api.w.org\/{rel}","templated":true}]}}