{"id":119236,"date":"2021-06-22T16:49:09","date_gmt":"2021-06-22T20:49:09","guid":{"rendered":"https:\/\/linitiative.ca\/International\/forum-generation-egalite-pas-degalite-sans-vrais-budgets\/"},"modified":"2021-06-22T16:49:09","modified_gmt":"2021-06-22T20:49:09","slug":"forum-generation-egalite-pas-degalite-sans-vrais-budgets","status":"publish","type":"post","link":"https:\/\/linitiative.ca\/International\/forum-generation-egalite-pas-degalite-sans-vrais-budgets\/","title":{"rendered":"Forum G\u00e9n\u00e9ration Egalit\u00e9 : Pas d\u2019\u00e9galit\u00e9 sans vrais budgets"},"content":{"rendered":"<div>\n<p><strong>A une semaine de l\u2019ouverture du Forum G\u00e9n\u00e9ration \u00c9galit\u00e9, le 30 juin \u00e0 Paris, les membres du R\u00e9seau des Jeunes F\u00e9ministes d\u2019Afrique de l\u2019Ouest prennent la parole afin que l\u2019\u00e9galit\u00e9 ne demeure pas un concept, mais devienne un engagement ferme et chiffr\u00e9. Il n\u2019y a pas d\u2019\u00e9galit\u00e9 possible sans budget d\u00e9di\u00e9. Rejoignez-nous aujourd\u2019hui en ligne pour interpeller les \u00c9tats lors de notre Tour du Monde F\u00e9ministe.<\/strong><\/p>\n<p style=\"text-align: left\">En 1995, se tenait \u00e0 P\u00e9kin le premier grand rassemblement mondial pour l\u2019\u00e9galit\u00e9, o\u00f9 les \u00c9tats du monde entier ont pris des engagements. La plupart d\u2019entre nous n\u2019\u00e9taient m\u00eame pas n\u00e9s. Toute notre vie, nous avons donc grandi dans un monde o\u00f9 les promesses de luttes contre les violences bas\u00e9es sur le genre n\u2019ont pas \u00e9t\u00e9 tenues.<\/p>\n<p>Nous, Jeunes F\u00e9ministes d\u2019Afrique de l\u2019Ouest francophone, sommes conscient\u00b7e\u00b7s des efforts r\u00e9guli\u00e8rement fournis par nos dirigeant\u00b7e\u00b7s dans la r\u00e9daction de magnifiques discours. Mais nous r\u00e9clamons un r\u00e9el investissement financier dans la lutte contre les violences sexistes et sexuelles.<br \/>\nMieux vaut une victime prise en charge et sauv\u00e9e que cent discours qui nous r\u00e9p\u00e8tent les m\u00eames rimes.<br \/>\nQuand on sait que 30 % des filles ouest-africaines \u00e2g\u00e9es de 15 \u00e0 19 ans sont mari\u00e9es, divorc\u00e9es ou veuves\u2026 quel avenir pour elles, sans moyens, sans structures d\u2019accueil ?<br \/>\nQuand des millions de filles excis\u00e9es doivent \u00eatre accompagn\u00e9es dans leur reconstruction, b\u00e2tir des centres de prise en charge holistique ne se fera pas avec des d\u00e9clarations de principe !<br \/>\nCombien de victimes de violences pourraient \u00eatre prises en charge en d\u00e9bloquant plus de moyens pour les associations locales, y compris dans les zones les plus recul\u00e9es ?<br \/>\nEncore une question : trouvez-vous judicieux de ne pas faire confiance aux organisations de femmes et de filles qui triment sans rel\u00e2che au quotidien sur le terrain, aupr\u00e8s des victimes ?<\/p>\n<p>Bon nombre de d\u00e9clarations internationales ont \u00e9t\u00e9 faites pour rendre les services de Droits et sant\u00e9 sexuels et reproductifs (DSSR) plus accessibles aux filles et aux jeunes femmes. N\u00e9anmoins, ces promesses doivent encore \u00eatre transpos\u00e9es dans la l\u00e9gislation nationale de nombreux pays. Dans la r\u00e9alit\u00e9, ces droits sont donc loin d\u2019\u00eatre garantis.<br \/>\nDans notre volont\u00e9 de changement, nous, membres du R\u00e9seau des Jeunes F\u00e9ministes d\u2019Afrique de l\u2019Ouest, exigeons des services de sant\u00e9 adapt\u00e9s et non stigmatisants. Qu\u2019attendent les Etats pour nous accompagner ?<\/p>\n<p>25 ans apr\u00e8s P\u00e9kin, nous revoil\u00e0 sur les traces des engagements pris par nos \u00c9tats \u00e0 l\u2019occasion du Forum G\u00e9n\u00e9ration \u00c9galit\u00e9, qui a lieu du 30 juin au 2 juillet \u00e0 Paris. Puisque nous sommes la \u201cg\u00e9n\u00e9ration \u00e9galit\u00e9\u201d, donnez-nous les moyens pour co-construire et vivre dans un monde sans Violences bas\u00e9es sur le genre (VBG) !<br \/>\nTrop de filles et de femmes sont encore victimes de mariages forc\u00e9s, de mutilations sexuelles et d\u2018autres formes de VBG. Elles suivent les choix dict\u00e9s par la soci\u00e9t\u00e9 et non ceux qu\u2019elles auraient fait elles-m\u00eames. Les f\u00e9ministes continuent d\u2019\u00eatre en danger pour la cause qu\u2019elles d\u00e9fendent et la question des DSSR continue d\u2019\u00eatre un sujet de seconde classe pour nos gouvernants. Jusqu\u2019\u00e0 quand devons-nous crier notre m\u00e9contentement ?<\/p>\n<p>Aujourd\u2019hui, nous nous adressons \u00e0 vous, les Etats pr\u00e9sents au Forum, et particuli\u00e8rement les \u00c9tats ouest-africains : saisissez cette opportunit\u00e9 pour investir dans les programmes d\u2019\u00e9ducation des filles et femmes, subventionnez les organisations f\u00e9ministes locales et associez-nous syst\u00e9matiquement \u00e0 la table de discussion. Car c\u2019est ensemble que nous \u00e9crirons la nouvelle page de l\u2019histoire.<\/p>\n<p>Aujourd\u2019hui, d\u00e9bute \u00e0 13 heures GMT un grand \u201ctour du monde\u201d virtuel f\u00e9ministe, dans le cadre de la mobilisation mondiale #StopTalkingStartFunding. Pendant 24 heures, des f\u00e9ministes du monde entier vont partager en ligne leurs r\u00e9alit\u00e9s \u00e0 travers des \u00e9v\u00e9nements militants. Nous y serons. Et nous comptons sur votre pr\u00e9sence (). Cela n\u2019a l\u2019air de rien, mais votre pr\u00e9sence, m\u00eame virtuelle, contribuera \u00e0 ce mouvement progressiste pour les droits des femmes et filles dans le monde.<\/p>\n<p style=\"text-align: left\"><strong>Signatures<\/strong><\/p>\n<p>B\u00e9nin : Irmine Ayihounton, Carine Hountondji, Jonas Kindafodji, Mariette Montcho, Mistoura Salou<\/p>\n<p>Burkina Faso : Viviane Dah Konditamd\u00e9, Wendyam Micheline Kabor\u00e9, Ezoma Juliette Nathalie Bakyono<\/p>\n<p>C\u00f4te d\u2019Ivoire : Agathe Blanc, N\u2019tchin Ephrasie Coulibaly<\/p>\n<p>Guin\u00e9e : Hadja Idrissa Bah, Denise Epiphanie Haba, Antoine Fassou Loua<\/p>\n<p>Mali : Awa dite Mah Camara, Oumou Salif Tour\u00e9<\/p>\n<p>Mauritanie : Dieynaba Ndiom<\/p>\n<p>Niger : Halimatou Zika Sombeize<\/p>\n<p>S\u00e9n\u00e9gal : Rose Di\u00e9m\u00e9, Nene Fatou Maricou Rocha, Zipporah Ndione, Aminata Thioye<\/p>\n<p>L\u2019article <a rel=\"nofollow\" href=\"https:\/\/www.sidwaya.info\/blog\/2021\/06\/22\/forum-generation-egalite-pas-degalite-sans-vrais-budgets\/\">Forum G\u00e9n\u00e9ration Egalit\u00e9 : Pas d\u2019\u00e9galit\u00e9 sans vrais budgets<\/a> est apparu en premier sur <a rel=\"nofollow\" href=\"https:\/\/www.sidwaya.info\/\">Quotidien Sidwaya<\/a>.<\/p>\n<\/div>\n<p>Auteur: JK. Sidwaya<br \/>\n<a href=\"https:\/\/www.sidwaya.info\/blog\/2021\/06\/22\/forum-generation-egalite-pas-degalite-sans-vrais-budgets\/\">Cliquez ici pour lire l&rsquo;article depuis sa source.<\/a><\/p>\n","protected":false},"excerpt":{"rendered":"<p>A une semaine de l\u2019ouverture du Forum G\u00e9n\u00e9ration \u00c9galit\u00e9, le 30 juin \u00e0 Paris, les membres du R\u00e9seau des Jeunes F\u00e9ministes d\u2019Afrique de l\u2019Ouest prennent la parole afin que l\u2019\u00e9galit\u00e9 ne demeure pas un concept, mais devienne un engagement ferme et chiffr\u00e9. Il n\u2019y a pas d\u2019\u00e9galit\u00e9 possible sans budget d\u00e9di\u00e9. Rejoignez-nous aujourd\u2019hui en ligne [&hellip;]<\/p>\n","protected":false},"author":1816,"featured_media":0,"comment_status":"closed","ping_status":"closed","sticky":false,"template":"","format":"standard","meta":{"fifu_image_url":"","fifu_image_alt":"","footnotes":""},"categories":[73,81],"tags":[],"class_list":["post-119236","post","type-post","status-publish","format-standard","hentry","category-actualite","category-burkina-faso"],"_links":{"self":[{"href":"https:\/\/linitiative.ca\/International\/wp-json\/wp\/v2\/posts\/119236","targetHints":{"allow":["GET"]}}],"collection":[{"href":"https:\/\/linitiative.ca\/International\/wp-json\/wp\/v2\/posts"}],"about":[{"href":"https:\/\/linitiative.ca\/International\/wp-json\/wp\/v2\/types\/post"}],"author":[{"embeddable":true,"href":"https:\/\/linitiative.ca\/International\/wp-json\/wp\/v2\/users\/1816"}],"replies":[{"embeddable":true,"href":"https:\/\/linitiative.ca\/International\/wp-json\/wp\/v2\/comments?post=119236"}],"version-history":[{"count":0,"href":"https:\/\/linitiative.ca\/International\/wp-json\/wp\/v2\/posts\/119236\/revisions"}],"wp:attachment":[{"href":"https:\/\/linitiative.ca\/International\/wp-json\/wp\/v2\/media?parent=119236"}],"wp:term":[{"taxonomy":"category","embeddable":true,"href":"https:\/\/linitiative.ca\/International\/wp-json\/wp\/v2\/categories?post=119236"},{"taxonomy":"post_tag","embeddable":true,"href":"https:\/\/linitiative.ca\/International\/wp-json\/wp\/v2\/tags?post=119236"}],"curies":[{"name":"wp","href":"https:\/\/api.w.org\/{rel}","templated":true}]}}