{"id":119237,"date":"2021-06-22T16:55:04","date_gmt":"2021-06-22T20:55:04","guid":{"rendered":"https:\/\/linitiative.ca\/International\/forum-generation-egalite-sika-kabore-explique-les-enjeux-aux-femmes-de-bobo-dioulasso\/"},"modified":"2021-06-22T16:55:04","modified_gmt":"2021-06-22T20:55:04","slug":"forum-generation-egalite-sika-kabore-explique-les-enjeux-aux-femmes-de-bobo-dioulasso","status":"publish","type":"post","link":"https:\/\/linitiative.ca\/International\/forum-generation-egalite-sika-kabore-explique-les-enjeux-aux-femmes-de-bobo-dioulasso\/","title":{"rendered":"Forum g\u00e9n\u00e9ration \u00e9galit\u00e9 :  Sika Kabor\u00e9 explique les enjeux  aux femmes de Bobo-Dioulasso"},"content":{"rendered":"<div>\n<p><strong>L\u2019\u00e9pouse du chef de l\u2019Etat, Sika Kabor\u00e9, a \u00e9chang\u00e9, le mardi 22 juin 2021 \u00e0 Bobo-Dioulasso, avec les responsables des associations et coordination des femmes de la ville de Sya. Elle est all\u00e9e informer et sensibiliser les femmes pour leur participation au Forum g\u00e9n\u00e9ration \u00e9galit\u00e9, pr\u00e9vu pour se tenir du 30 juin au 2 juillet 2021 \u00e0 Paris en France.<\/strong><\/p>\n<p>Les femmes de Bobo-Dioulasso n\u2019ont pas marchand\u00e9 leur pr\u00e9sence \u00e0 la rencontre initi\u00e9e par l\u2019\u00e9pouse du chef de l\u2019Etat, Sika Kabor\u00e9, pour informer et sensibiliser les femmes au Forum g\u00e9n\u00e9ration \u00e9galit\u00e9 qui doit avoir lieu \u00e0 Paris en France, du 30 juin au 2 juillet 2021. Pour Mme Sika Kabor\u00e9, le forum est une grande manifestation qui mobilise les femmes du monde entier autour de leurs droits. Il sera d\u00e9battu au cours de ces assises des th\u00e8mes li\u00e9s \u00e0 l\u2019\u00e9galit\u00e9 entre homme et femme. Il s\u2019agit, a pr\u00e9cis\u00e9 Mme Sika Kabor\u00e9, de l\u2019\u00e9galit\u00e9 en termes d\u2019acc\u00e8s \u00e0 un certain nombre de droits comme le droit \u00e0 l\u2019\u00e9ducation ou \u00e0 l\u2019h\u00e9ritage. Plusieurs th\u00e8mes seront d\u00e9battus au cours de ces \u00e9changes dont celui relatif au \u00ab droit \u00e0 disposer de son corps et des droits \u00e0 la sant\u00e9 sexuelle et de reproduction \u00bb. Elle a pr\u00e9cis\u00e9 que le Burkina, leader dans ce domaine, va partager son exp\u00e9rience avec les autres pays participants. C\u2019est en vue de mobiliser les femmes pour leur participation au Forum g\u00e9n\u00e9ration \u00e9galit\u00e9 et accompagner la participation du Burkina que trois associations ont mis en place, un projet d\u00e9nomm\u00e9 \u00ab Mobilisation des organisations de d\u00e9fense des droits des filles et des femmes burkinab\u00e8 autour des enjeux de plaidoyer du Forum g\u00e9n\u00e9ration \u00e9galit\u00e9 au Burkina \u00bb.<\/p>\n<h3>Une initiative salu\u00e9e par les femmes<\/h3>\n<p>Ces trois organisations sont la Fondation Kimi, l\u2019Initiative Panatugri pour le bien-\u00eatre de la femme et l\u2019ONG Voix de femme. La rencontre avec les femmes de Bobo-Dioulasso fait partie d\u2019une s\u00e9rie d\u2019activit\u00e9s concoct\u00e9es par ces trois associations \u00e0 cet effet. Sika Kabor\u00e9 a alors invit\u00e9 les femmes \u00e0 participer activement aux diff\u00e9rentes manifestations du forum. Pour des raisons de COVID-19, les femmes pourront assister au forum par visioconf\u00e9rence dans les 13 r\u00e9gions du Burkina. A Bobo-Dioulasso, un \u00e9cran g\u00e9ant sera install\u00e9 au Conseil r\u00e9gional des Hauts-Bassins d\u2019o\u00f9 les femmes pourront suivre les diff\u00e9rentes activit\u00e9s du forum et \u00e9changer avec les autres femmes du Burkina sur les th\u00e9matiques qui seront trait\u00e9es. Elles pourront \u00e9galement suivre le forum sur leurs Smartphones. Les conditions d\u2019inscription sur les diff\u00e9rentes plate- formes \u00e9labor\u00e9es dans ce sens ont \u00e9t\u00e9 expliqu\u00e9es aux femmes. Les participantes de Bobo-Dioulasso, \u00e0 l\u2019image de Justine Nana, tout en louant cette initiative, ont soulev\u00e9 au cours des \u00e9changes des pr\u00e9occupations portant sur le quota genre, des probl\u00e8mes sp\u00e9cifiques \u00e0 la ville et sur certains sujets d\u2019actualit\u00e9 comme l\u2019homosexualit\u00e9. En plus de la rencontre, Mme Sika Kabor\u00e9 a rendu une visite de courtoisie aux autorit\u00e9s politiques, coutumi\u00e8res et religieuses et visit\u00e9 certains sites devant abriter les installations du forum \u00ab d\u00e9localis\u00e9 \u00bb \u00e0 Bobo-Dioulasso.<\/p>\n<p style=\"text-align: right\"><strong>Adaman DRABO<\/strong><\/p>\n<p>L\u2019article <a rel=\"nofollow\" href=\"https:\/\/www.sidwaya.info\/blog\/2021\/06\/22\/forum-generation-egalite-sika-kabore-explique-les-enjeux-aux-femmes-de-bobo-dioulasso\/\">Forum g\u00e9n\u00e9ration \u00e9galit\u00e9 :  Sika Kabor\u00e9 explique les enjeux  aux femmes de Bobo-Dioulasso<\/a> est apparu en premier sur <a rel=\"nofollow\" href=\"https:\/\/www.sidwaya.info\/\">Quotidien Sidwaya<\/a>.<\/p>\n<\/div>\n<p>Auteur: JK. Sidwaya<br \/>\n<a href=\"https:\/\/www.sidwaya.info\/blog\/2021\/06\/22\/forum-generation-egalite-sika-kabore-explique-les-enjeux-aux-femmes-de-bobo-dioulasso\/\">Cliquez ici pour lire l&rsquo;article depuis sa source.<\/a><\/p>\n","protected":false},"excerpt":{"rendered":"<p>L\u2019\u00e9pouse du chef de l\u2019Etat, Sika Kabor\u00e9, a \u00e9chang\u00e9, le mardi 22 juin 2021 \u00e0 Bobo-Dioulasso, avec les responsables des associations et coordination des femmes de la ville de Sya. Elle est all\u00e9e informer et sensibiliser les femmes pour leur participation au Forum g\u00e9n\u00e9ration \u00e9galit\u00e9, pr\u00e9vu pour se tenir du 30 juin au 2 juillet [&hellip;]<\/p>\n","protected":false},"author":1816,"featured_media":0,"comment_status":"closed","ping_status":"closed","sticky":false,"template":"","format":"standard","meta":{"fifu_image_url":"","fifu_image_alt":"","footnotes":""},"categories":[73,81],"tags":[],"class_list":["post-119237","post","type-post","status-publish","format-standard","hentry","category-actualite","category-burkina-faso"],"_links":{"self":[{"href":"https:\/\/linitiative.ca\/International\/wp-json\/wp\/v2\/posts\/119237","targetHints":{"allow":["GET"]}}],"collection":[{"href":"https:\/\/linitiative.ca\/International\/wp-json\/wp\/v2\/posts"}],"about":[{"href":"https:\/\/linitiative.ca\/International\/wp-json\/wp\/v2\/types\/post"}],"author":[{"embeddable":true,"href":"https:\/\/linitiative.ca\/International\/wp-json\/wp\/v2\/users\/1816"}],"replies":[{"embeddable":true,"href":"https:\/\/linitiative.ca\/International\/wp-json\/wp\/v2\/comments?post=119237"}],"version-history":[{"count":0,"href":"https:\/\/linitiative.ca\/International\/wp-json\/wp\/v2\/posts\/119237\/revisions"}],"wp:attachment":[{"href":"https:\/\/linitiative.ca\/International\/wp-json\/wp\/v2\/media?parent=119237"}],"wp:term":[{"taxonomy":"category","embeddable":true,"href":"https:\/\/linitiative.ca\/International\/wp-json\/wp\/v2\/categories?post=119237"},{"taxonomy":"post_tag","embeddable":true,"href":"https:\/\/linitiative.ca\/International\/wp-json\/wp\/v2\/tags?post=119237"}],"curies":[{"name":"wp","href":"https:\/\/api.w.org\/{rel}","templated":true}]}}