{"id":119247,"date":"2021-06-22T12:18:02","date_gmt":"2021-06-22T16:18:02","guid":{"rendered":"https:\/\/linitiative.ca\/International\/reflexion-sur-la-gestion-des-ressources-du-massif-du-fouta-djallon\/"},"modified":"2021-06-22T12:18:02","modified_gmt":"2021-06-22T16:18:02","slug":"reflexion-sur-la-gestion-des-ressources-du-massif-du-fouta-djallon","status":"publish","type":"post","link":"https:\/\/linitiative.ca\/International\/reflexion-sur-la-gestion-des-ressources-du-massif-du-fouta-djallon\/","title":{"rendered":"R\u00e9flexion sur la gestion des ressources du Massif du Fouta Djallon"},"content":{"rendered":"<div>\n<p>L\u2019exploitation abusive des ressources du Massif du Fouta Djallon menace la biodiversit\u00e9 de cet espace et met en p\u00e9ril la survie de plusieurs grands fleuves ouest-africains qui y prennent source.La d\u00e9gradation de l\u2019\u00e9cosyst\u00e8me du Massif du Fouta Djallon (MFD\/Guin\u00e9e) inqui\u00e8te les autorit\u00e9s africaines. En effet, au cours des derni\u00e8res d\u00e9cennies, un certain nombre de menaces se sont conjugu\u00e9es pour mettre en danger les ressources naturelles du massif et ont contribu\u00e9 \u00e0 un d\u00e9clin de leur valeur comme source d\u2019eau, de biodiversit\u00e9 end\u00e9mique et de potentiel bio-productif de l\u2019environnement.<\/p>\n<p>Bien que les causes sous-jacentes soient nombreuses et diff\u00e9rentes, les principaux motifs en sont : la pression d\u00e9mographique, des politiques limit\u00e9es et inefficaces, et la faiblesse des institutions.<\/p>\n<p>Pour rem\u00e9dier \u00e0 cette situation, la capitale s\u00e9n\u00e9galaise abrite, depuis ce mardi 22 juin 2021, le 5\u00e8me Comit\u00e9 de pilotage du projet de gestion int\u00e9gr\u00e9e des ressources naturelles du massif du Fouta Djallon. Objectif : relancer le Programme R\u00e9gional d\u2019Am\u00e9nagement Int\u00e9gr\u00e9 du Massif du Fouta Djallon (PRAI-MFD).<\/p>\n<p>Ce dernier a \u00e9t\u00e9 mis en place par l\u2019Union africaine, en partenariat avec le Programme des Nations unies pour l\u2019environnement (PNUE), l\u2019Organisation des Nations unies pour l\u2019alimentation et l\u2019agriculture (FAO), l\u2019Organisation des Nations unies pour l\u2019\u00e9ducation, la science et la culture (UNESCO) et le Bureau des Nations Unies pour la R\u00e9gion Soudano Sah\u00e9lienne (UNSO).<\/p>\n<p>L\u2019objectif du PRAI-MFD est de garantir la protection et l\u2019utilisation rationnelle des ressources naturelles du massif afin de contribuer \u00e0 l\u2019am\u00e9lioration des niveaux de vie de la population vivant dans les hauts plateaux.<\/p>\n<p>Il est financ\u00e9 par le Fonds de l\u2019environnement mondial \u00e0 hauteur de 11 millions de dollars \u00e0 travers le programme des Nations unies pour l\u2019environnement et concerne huit pays tributaires des eaux provenant du massif : la Gambie, la Guin\u00e9e, la Guin\u00e9e-Bissau, le Mali, la Mauritanie, le Niger, le S\u00e9n\u00e9gal et la Sierra L\u00e9one.<\/p>\n<p>L\u2019objectif de d\u00e9veloppement du projet est d\u2019instaurer une gestion durable des ressources naturelles du MFD sur le moyen \u00e0 long terme (2025) en vue de contribuer \u00e0 l\u2019am\u00e9lioration des conditions de vie des populations des r\u00e9gions directement ou indirectement tributaires du MFD.<\/p>\n<p>Son objectif environnemental est d\u2019att\u00e9nuer les causes et les impacts n\u00e9gatifs de la d\u00e9gradation des sols sur l\u2019int\u00e9grit\u00e9 structurelle et fonctionnelle des \u00e9cosyst\u00e8mes du massif par l\u2019\u00e9tablissement d\u2019un cadre juridique et institutionnel r\u00e9gional et le renforcement des capacit\u00e9s institutionnelles en vue de favoriser la collaboration dans le domaine de l\u2019am\u00e9nagement du MFD.<\/p>\n<p>Il s\u2019agira aussi d\u2019\u00e9valuer, \u00e0 travers cet objectif environnemental, l\u2019\u00e9tat des ressources naturelles et d\u2019\u00e9laborer des mod\u00e8les transposables de gestion durable des terres sur une base communautaire.<\/p>\n<p>Le projet d\u2019une dur\u00e9e de dix ans, sera divis\u00e9 en deux tranches de quatre et six ans respectivement. La premi\u00e8re tranche portera sur l\u2019\u00e9tablissement d\u2019un cadre institutionnel et juridique et le d\u00e9veloppement des capacit\u00e9s en vue d\u2019instaurer un environnement favorable au renforcement de la collaboration r\u00e9gionale ainsi que sur la r\u00e9alisation des activit\u00e9s de d\u00e9monstration dans les sites pilotes et les hauts bassins fluviaux.<\/p>\n<p>La deuxi\u00e8me tranche sera ax\u00e9e sur la consolidation et l\u2019\u00e9largissement des mod\u00e8les et des m\u00e9thodes qui auront fait leur preuve et qui seront transpos\u00e9es dans les bassins fluviaux partag\u00e9s et les zones transfronti\u00e8res.<\/p>\n<p>\u00ab La conduite de cet important projet demeure un exercice technique mais sa r\u00e9ussite d\u00e9pend d\u2019une large participation de toutes les parties prenantes. Comme on peut s\u2019en rendre compte, la mise en \u0153uvre de ce projet requiert la consultation, la communication et le renforcement des capacit\u00e9s de toutes les parties prenantes \u00bb, a fait savoir la Conseill\u00e8re technique n\u00b01 du ministre s\u00e9n\u00e9galais de l\u2019Environnement et du D\u00e9veloppement durable, Gogo Banel Ndiaye.<\/p>\n<p>Cet article <a rel=\"nofollow\" href=\"https:\/\/www.journalducameroun.com\/reflexion-sur-la-gestion-des-ressources-du-massif-du-fouta-djallon\/\">R\u00e9flexion sur la gestion des ressources du Massif du Fouta Djallon<\/a> est apparu en premier sur <a rel=\"nofollow\" href=\"https:\/\/www.journalducameroun.com\/\">Journal du Cameroun<\/a>.<\/p>\n<\/div>\n<p>Auteur: APA News<br \/>\n<a href=\"https:\/\/www.journalducameroun.com\/reflexion-sur-la-gestion-des-ressources-du-massif-du-fouta-djallon\/\">Cliquez ici pour lire l&rsquo;article depuis sa source.<\/a><\/p>\n","protected":false},"excerpt":{"rendered":"<p>L\u2019exploitation abusive des ressources du Massif du Fouta Djallon menace la biodiversit\u00e9 de cet espace et met en p\u00e9ril la survie de plusieurs grands fleuves ouest-africains qui y prennent source.La d\u00e9gradation de l\u2019\u00e9cosyst\u00e8me du Massif du Fouta Djallon (MFD\/Guin\u00e9e) inqui\u00e8te les autorit\u00e9s africaines. En effet, au cours des derni\u00e8res d\u00e9cennies, un certain nombre de menaces [&hellip;]<\/p>\n","protected":false},"author":1965,"featured_media":0,"comment_status":"closed","ping_status":"closed","sticky":false,"template":"","format":"standard","meta":{"fifu_image_url":"","fifu_image_alt":"","footnotes":""},"categories":[73,82],"tags":[],"class_list":["post-119247","post","type-post","status-publish","format-standard","hentry","category-actualite","category-cameroun"],"_links":{"self":[{"href":"https:\/\/linitiative.ca\/International\/wp-json\/wp\/v2\/posts\/119247","targetHints":{"allow":["GET"]}}],"collection":[{"href":"https:\/\/linitiative.ca\/International\/wp-json\/wp\/v2\/posts"}],"about":[{"href":"https:\/\/linitiative.ca\/International\/wp-json\/wp\/v2\/types\/post"}],"author":[{"embeddable":true,"href":"https:\/\/linitiative.ca\/International\/wp-json\/wp\/v2\/users\/1965"}],"replies":[{"embeddable":true,"href":"https:\/\/linitiative.ca\/International\/wp-json\/wp\/v2\/comments?post=119247"}],"version-history":[{"count":0,"href":"https:\/\/linitiative.ca\/International\/wp-json\/wp\/v2\/posts\/119247\/revisions"}],"wp:attachment":[{"href":"https:\/\/linitiative.ca\/International\/wp-json\/wp\/v2\/media?parent=119247"}],"wp:term":[{"taxonomy":"category","embeddable":true,"href":"https:\/\/linitiative.ca\/International\/wp-json\/wp\/v2\/categories?post=119247"},{"taxonomy":"post_tag","embeddable":true,"href":"https:\/\/linitiative.ca\/International\/wp-json\/wp\/v2\/tags?post=119247"}],"curies":[{"name":"wp","href":"https:\/\/api.w.org\/{rel}","templated":true}]}}