{"id":119248,"date":"2021-06-22T14:18:01","date_gmt":"2021-06-22T18:18:01","guid":{"rendered":"https:\/\/linitiative.ca\/International\/senegal-le-japon-soutient-la-relance-economique\/"},"modified":"2021-06-22T14:18:01","modified_gmt":"2021-06-22T18:18:01","slug":"senegal-le-japon-soutient-la-relance-economique","status":"publish","type":"post","link":"https:\/\/linitiative.ca\/International\/senegal-le-japon-soutient-la-relance-economique\/","title":{"rendered":"S\u00e9n\u00e9gal : le Japon soutient la relance \u00e9conomique"},"content":{"rendered":"<div>\n<p><img loading=\"lazy\" decoding=\"async\" width=\"2126\" height=\"1500\" src=\"https:\/\/linitiative.ca\/International\/wp-content\/uploads\/sites\/23\/2021\/06\/16243858828097.jpg\" class=\"attachment-post-thumbnail size-post-thumbnail wp-post-image\" alt=\"\" srcset=\"https:\/\/linitiative.ca\/International\/wp-content\/uploads\/sites\/23\/2021\/06\/16243858828097.jpg 2126w, https:\/\/www.journalducameroun.com\/wp-content\/uploads\/2021\/06\/16243858828097-300x212.jpg 300w, https:\/\/www.journalducameroun.com\/wp-content\/uploads\/2021\/06\/16243858828097-768x542.jpg 768w, https:\/\/www.journalducameroun.com\/wp-content\/uploads\/2021\/06\/16243858828097-1024x722.jpg 1024w, https:\/\/www.journalducameroun.com\/wp-content\/uploads\/2021\/06\/16243858828097-624x440.jpg 624w, https:\/\/www.journalducameroun.com\/wp-content\/uploads\/2021\/06\/16243858828097-600x423.jpg 600w\" sizes=\"auto, (max-width: 2126px) 100vw, 2126px\"><\/p>\n<p>Les deux pays ont sign\u00e9 \u00e0 Dakar deux accords d&rsquo;un montant global de 4,65 milliards de francs CFA pour le projet de r\u00e9habilitation du Port de Dakar et le programme d&rsquo;urgence en r\u00e9ponse \u00e0 la crise du Covid-19, a appris APA mardi.Les accords ont \u00e9t\u00e9 paraph\u00e9s par le ministre s\u00e9n\u00e9galais de l&rsquo;Economie, du Plan et de la Coop\u00e9ration, Amadou Hott, et l&rsquo;ambassadeur du Japon au S\u00e9n\u00e9gal, Arai Tatsuo.<\/p>\n<p>\u00ab Je dois relever avec satisfaction que le financement compl\u00e9mentaire de 2,80 milliards de francs CFA du projet de r\u00e9habilitation du m\u00f4le 3 du Port de Dakar, portera la contribution totale du Japon 21,935 milliards de francs CFA \u00bb, a dit M. Hott.<\/p>\n<p>Selon lui, l&rsquo;accord sur le projet de r\u00e9habilitation du m\u00f4le 3 du Port de Dakar permettra de relancer les travaux suspendus, ajoutant que les impacts seront notables sur la comp\u00e9titivit\u00e9 du port, surtout dans le contexte de la relance de l&rsquo;\u00e9conomie post-Covid-19.<\/p>\n<p>\u00ab Le port doit moderniser ses installations et accro\u00eetre sa comp\u00e9titivit\u00e9 pour augmenter son chiffre d&rsquo;affaires, en vue de conforter le r\u00f4le qu&rsquo;il joue dans le d\u00e9veloppement du commerce ext\u00e9rieur au S\u00e9n\u00e9gal et dans la sous-r\u00e9gion \u00bb, a-t-il ajout\u00e9.<\/p>\n<p>\u00ab Le projet de r\u00e9habilitation du m\u00f4le 3 du port de Dakar constitue un projet phare du S\u00e9n\u00e9gal dans le domaine des infrastructures de qualit\u00e9\u00a0\u00bb, a indiqu\u00e9 de son c\u00f4t\u00e9 l&rsquo;ambassadeur du Japon au S\u00e9n\u00e9gal.<\/p>\n<p>A l&rsquo;en croire, ce projet permettra d&rsquo;\u00e9largir et de faciliter la logistique pour le Mali, tout en contribuant \u00e0 la croissance durable du S\u00e9n\u00e9gal et \u00e0 renforcer la connectivit\u00e9.<\/p>\n<p>S&rsquo;agissant du programme de soutien d&rsquo;urgence en r\u00e9ponse \u00e0 la crise de COVID, portant sur un montant de plus de 2 milliards de francs CFA, le ministre de l&rsquo;Economie a soulign\u00e9 qu&rsquo;il permettra de fournir des \u00e9quipements li\u00e9s \u00e0 la cha\u00eene de froid, \u00e0 la construction d&rsquo;entrep\u00f4ts de vaccin, de produits pharmaceutiques etc.<\/p>\n<p>M. Arai Tatsuo a par ailleurs soutenu que l&rsquo;accord sign\u00e9 sur le programme d&rsquo;urgence \u00e0 la r\u00e9ponse \u00e0 la crise de COVID-19, permet de rendre les vaccins disponibles partout \u00e0 travers le territoire s\u00e9n\u00e9galais.<\/p>\n<p>Il a rappel\u00e9 que les deux accords s&rsquo;inscrivent dans la concr\u00e9tisation des piliers de la Conf\u00e9rence internationale de Tokyo sur le d\u00e9veloppement de l&rsquo;Afrique (TICAD), qui demeure \u00ab une \u00e9conomie \u00e0 travers l&rsquo;investissement dans les infrastructures de qualit\u00e9. \u00bb<\/p>\n<p>Cet article <a rel=\"nofollow\" href=\"https:\/\/www.journalducameroun.com\/senegal-le-japon-soutient-la-relance-economique\/\">S\u00e9n\u00e9gal : le Japon soutient la relance \u00e9conomique<\/a> est apparu en premier sur <a rel=\"nofollow\" href=\"https:\/\/www.journalducameroun.com\/\">Journal du Cameroun<\/a>.<\/p>\n<\/div>\n<p>Auteur: APA News<br \/>\n<a href=\"https:\/\/www.journalducameroun.com\/senegal-le-japon-soutient-la-relance-economique\/\">Cliquez ici pour lire l&rsquo;article depuis sa source.<\/a><\/p>\n","protected":false},"excerpt":{"rendered":"<p>Les deux pays ont sign\u00e9 \u00e0 Dakar deux accords d&rsquo;un montant global de 4,65 milliards de francs CFA pour le projet de r\u00e9habilitation du Port de Dakar et le programme d&rsquo;urgence en r\u00e9ponse \u00e0 la crise du Covid-19, a appris APA mardi.Les accords ont \u00e9t\u00e9 paraph\u00e9s par le ministre s\u00e9n\u00e9galais de l&rsquo;Economie, du Plan et [&hellip;]<\/p>\n","protected":false},"author":1965,"featured_media":0,"comment_status":"closed","ping_status":"closed","sticky":false,"template":"","format":"standard","meta":{"fifu_image_url":"https:\/\/www.journalducameroun.com\/wp-content\/uploads\/2021\/06\/16243858828097.jpg","fifu_image_alt":"S\u00e9n\u00e9gal : le Japon soutient la relance \u00e9conomique","footnotes":""},"categories":[73,82],"tags":[],"class_list":["post-119248","post","type-post","status-publish","format-standard","hentry","category-actualite","category-cameroun"],"_links":{"self":[{"href":"https:\/\/linitiative.ca\/International\/wp-json\/wp\/v2\/posts\/119248","targetHints":{"allow":["GET"]}}],"collection":[{"href":"https:\/\/linitiative.ca\/International\/wp-json\/wp\/v2\/posts"}],"about":[{"href":"https:\/\/linitiative.ca\/International\/wp-json\/wp\/v2\/types\/post"}],"author":[{"embeddable":true,"href":"https:\/\/linitiative.ca\/International\/wp-json\/wp\/v2\/users\/1965"}],"replies":[{"embeddable":true,"href":"https:\/\/linitiative.ca\/International\/wp-json\/wp\/v2\/comments?post=119248"}],"version-history":[{"count":0,"href":"https:\/\/linitiative.ca\/International\/wp-json\/wp\/v2\/posts\/119248\/revisions"}],"wp:attachment":[{"href":"https:\/\/linitiative.ca\/International\/wp-json\/wp\/v2\/media?parent=119248"}],"wp:term":[{"taxonomy":"category","embeddable":true,"href":"https:\/\/linitiative.ca\/International\/wp-json\/wp\/v2\/categories?post=119248"},{"taxonomy":"post_tag","embeddable":true,"href":"https:\/\/linitiative.ca\/International\/wp-json\/wp\/v2\/tags?post=119248"}],"curies":[{"name":"wp","href":"https:\/\/api.w.org\/{rel}","templated":true}]}}