{"id":119250,"date":"2021-06-22T15:18:02","date_gmt":"2021-06-22T19:18:02","guid":{"rendered":"https:\/\/linitiative.ca\/International\/mugefci-zadi-gnagna-denonce-un-tripatouillage-du-processus-electoral\/"},"modified":"2021-06-22T15:18:02","modified_gmt":"2021-06-22T19:18:02","slug":"mugefci-zadi-gnagna-denonce-un-tripatouillage-du-processus-electoral","status":"publish","type":"post","link":"https:\/\/linitiative.ca\/International\/mugefci-zadi-gnagna-denonce-un-tripatouillage-du-processus-electoral\/","title":{"rendered":"Mugefci: Zadi Gnagna d\u00e9nonce un \u00ab\u00a0tripatouillage du processus \u00e9lectoral\u00a0\u00bb"},"content":{"rendered":"<div>\n<p><img loading=\"lazy\" decoding=\"async\" width=\"800\" height=\"533\" src=\"https:\/\/linitiative.ca\/International\/wp-content\/uploads\/sites\/23\/2021\/06\/16243894837048.jpg\" class=\"attachment-post-thumbnail size-post-thumbnail wp-post-image\" alt=\"\" srcset=\"https:\/\/linitiative.ca\/International\/wp-content\/uploads\/sites\/23\/2021\/06\/16243894837048.jpg 800w, https:\/\/www.journalducameroun.com\/wp-content\/uploads\/2021\/06\/16243894837048-300x200.jpg 300w, https:\/\/www.journalducameroun.com\/wp-content\/uploads\/2021\/06\/16243894837048-768x512.jpg 768w, https:\/\/www.journalducameroun.com\/wp-content\/uploads\/2021\/06\/16243894837048-660x440.jpg 660w, https:\/\/www.journalducameroun.com\/wp-content\/uploads\/2021\/06\/16243894837048-600x400.jpg 600w\" sizes=\"auto, (max-width: 800px) 100vw, 800px\"><\/p>\n<p>Th\u00e9odore Zadi Gnagna, t\u00eate de liste du groupe Maturit\u00e9, Unit\u00e9, Renaissance \u00ab\u00a0MUR\u00a0\u00bb pour la pr\u00e9sidence de la Mutuelle g\u00e9n\u00e9rale des fonctionnaires et agents de l&rsquo;Etat de C\u00f4te d&rsquo;Ivoire (Mugefci), a d\u00e9nonc\u00e9 mardi un \u00ab\u00a0tripatouillage du processus \u00e9lectoral\u00a0\u00bb.<\/p>\n<p>Au cours d&rsquo;une conf\u00e9rence de presse, \u00e0 Abidjan, il a appel\u00e9 \u00ab\u00a0\u00e0 la vigilance des mutualistes et \u00e0 leur mobilisation, pour faire barrage \u00e0 cette volont\u00e9 de tripatouillage du processus \u00e9lectoral\u00a0\u00bb, qui devrait permettre en septembre le renouvellement des instances de la Mugefci.\u00a0<\/p>\n<p>Pour mettre en \u0153uvre son programme \u00ab\u00a0ambitieux\u00a0\u00bb, M. Zadi estime qu'\u00a0\u00bbil importe que le processus \u00e9lectoral soit transparent, cr\u00e9dible et d\u00e9mocratique\u00a0\u00bb, ce qui devrait permettre de d\u00e9partager \u00e9quitablement les candidats, au vote. \u00a0<\/p>\n<p>Il a index\u00e9 un communiqu\u00e9 en date du 11 juin 2021, de l&rsquo;actuel Conseil d&rsquo;administration convoquant une Assembl\u00e9e g\u00e9n\u00e9rale ordinaire portant \u00ab\u00a0amendements, adoption du guide \u00e9lectoral\u00a0\u00bb et \u00ab\u00a0pr\u00e9sentation du comit\u00e9 \u00e9lectoral national\u00a0\u00bb.\u00a0<\/p>\n<p>M. Zadi a soutenu qu&rsquo; il est \u00ab\u00a0curieux qu&rsquo;une Assembl\u00e9 g\u00e9n\u00e9rale ordinaire d&rsquo;une mutuelle sociale, o\u00f9 l&rsquo;ordre du jour devrait porter exclusivement sur le bilan de gestion de l&rsquo;ann\u00e9e \u00e9coul\u00e9e ou sur le bilan du mandat, statue sur un point aussi important qu&rsquo;est la modification du guide \u00e9lectoral qui devrait faire l&rsquo;objet d&rsquo;une Assembl\u00e9e g\u00e9n\u00e9rale extraordinaire\u00a0\u00bb.\u00a0<\/p>\n<p>La modification du guide \u00e9lectoral est du ressort de l&rsquo;Assembl\u00e9e g\u00e9n\u00e9rale, sur proposition du Conseil d&rsquo;administration, cependant le groupe se dit oppos\u00e9 \u00e0 ces amendements et \u00e0 la d\u00e9signation d&rsquo;un comit\u00e9 \u00e9lectoral de \u00ab\u00a0fa\u00e7on unilat\u00e9rale\u00a0\u00bb par le Conseil d&rsquo;administration sortant.\u00a0<\/p>\n<p>\u00c9voquant la jurisprudence des \u00e9lections de 2017, il a not\u00e9 que par l&rsquo;arr\u00eat\u00e9, le ministre de l&rsquo;Emploi d&rsquo;alors M. Jean Claude Kouassi avait nomm\u00e9 les membres du comit\u00e9 \u00e9lectoral des \u00e9lections pour le mandat 2017 &#8211; 2021.\u00a0<\/p>\n<p>\u00ab\u00a0Pour parall\u00e9lisme des formes, nous souhaitons que toutes les modifications et une quelconque nomination se fassent de concert avec le minist\u00e8re en charge des affaires sociales et de la Mutualit\u00e9 dont le r\u00f4le de r\u00e9gulation est ind\u00e9niable\u00a0\u00bb, a-t-il lanc\u00e9. \u00a0<\/p>\n<p>Le groupe MUR d\u00e9nonce par ailleurs des tourn\u00e9es actuelles du pr\u00e9sident du Conseil d&rsquo;administration qui constituent une \u00ab\u00a0campagne d\u00e9guis\u00e9e avec les moyens de la Mugefci, pour pr\u00e9senter une candidate aux mutualistes\u00a0\u00bb.<\/p>\n<p>En outre, la mise en place par le Conseil d&rsquo;administration d&rsquo;un plan strat\u00e9gique 2020 &#8211; 2022, soit un plan qui va au- del\u00e0 de son mandat, \u00ab\u00a0d\u00e9note de sa volont\u00e9 de se maintenir envers et contre tous\u00a0\u00bb, a-t-il poursuivi.\u00a0<\/p>\n<p>\u00ab\u00a0Pour toutes ces raisons, le groupe Maturit\u00e9, Unit\u00e9, Renaissance (MUR) doute de la sinc\u00e9rit\u00e9 du Conseil d&rsquo;administration actuel \u00e0 mettre en place des m\u00e9canismes \u00e0 m\u00eame de garantir la libre expression et le secret du vote, comme le recommande l&rsquo;article 43 du r\u00e8glement 07\/2009\/CM\/UEMOA portant r\u00e9glementation de la mutualit\u00e9 sociale, au sein de l&rsquo;UEMOA\u00a0\u00bb, a-t-il d\u00e9clar\u00e9. \u00a0<\/p>\n<p>\u00ab\u00a0Nous mettons le Conseil d&rsquo;administration actuel en garde contre toute modification unilat\u00e9rale du guide \u00e9lectoral que nous ne reconna\u00eetrons pas (et) tiendrons le Conseil d&rsquo;administration pour responsable de tous les troubles que leur ent\u00eatement pourrait engendrer\u00a0\u00bb, a-t-il pr\u00e9venu.\u00a0<\/p>\n<p>Par cons\u00e9quent, \u00a0la liste MUR a invit\u00e9 \u00ab\u00a0le gouvernement, \u00e0 travers le minist\u00e8re \u00e0 charge des affaires sociales et de la Mutualit\u00e9 \u00e0 prendre en main le processus \u00e9lectoral, \u00e0 l&rsquo;effet de pr\u00e9server la paix sociale si ch\u00e8rement acquise\u00a0\u00bb.<\/p>\n<p>Les \u00e9lections pour le renouvellement des instances de la Mugefci sont pr\u00e9vues en septembre 2021. Dans ce cadre, le groupe \u00abMaturit\u00e9, Unit\u00e9, renaissance \u00bb a fait sa sortie officielle, le mercredi 09 juin 2021, \u00e0 la Maison de l&rsquo;Entreprise, sise au Plateau.<\/p>\n<p>Cet article <a rel=\"nofollow\" href=\"https:\/\/www.journalducameroun.com\/mugefci-zadi-gnagna-denonce-un-tripatouillage-du-processus-electoral\/\">Mugefci: Zadi Gnagna d\u00e9nonce un \u00ab\u00a0tripatouillage du processus \u00e9lectoral\u00a0\u00bb<\/a> est apparu en premier sur <a rel=\"nofollow\" href=\"https:\/\/www.journalducameroun.com\/\">Journal du Cameroun<\/a>.<\/p>\n<\/div>\n<p>Auteur: APA News<br \/>\n<a href=\"https:\/\/www.journalducameroun.com\/mugefci-zadi-gnagna-denonce-un-tripatouillage-du-processus-electoral\/\">Cliquez ici pour lire l&rsquo;article depuis sa source.<\/a><\/p>\n","protected":false},"excerpt":{"rendered":"<p>Th\u00e9odore Zadi Gnagna, t\u00eate de liste du groupe Maturit\u00e9, Unit\u00e9, Renaissance \u00ab\u00a0MUR\u00a0\u00bb pour la pr\u00e9sidence de la Mutuelle g\u00e9n\u00e9rale des fonctionnaires et agents de l&rsquo;Etat de C\u00f4te d&rsquo;Ivoire (Mugefci), a d\u00e9nonc\u00e9 mardi un \u00ab\u00a0tripatouillage du processus \u00e9lectoral\u00a0\u00bb. Au cours d&rsquo;une conf\u00e9rence de presse, \u00e0 Abidjan, il a appel\u00e9 \u00ab\u00a0\u00e0 la vigilance des mutualistes et \u00e0 [&hellip;]<\/p>\n","protected":false},"author":1965,"featured_media":0,"comment_status":"closed","ping_status":"closed","sticky":false,"template":"","format":"standard","meta":{"fifu_image_url":"https:\/\/www.journalducameroun.com\/wp-content\/uploads\/2021\/06\/16243894837048.jpg","fifu_image_alt":"Mugefci: Zadi Gnagna d\u00e9nonce un \u00ab\u00a0tripatouillage du processus \u00e9lectoral\u00a0\u00bb","footnotes":""},"categories":[73,82],"tags":[],"class_list":["post-119250","post","type-post","status-publish","format-standard","hentry","category-actualite","category-cameroun"],"_links":{"self":[{"href":"https:\/\/linitiative.ca\/International\/wp-json\/wp\/v2\/posts\/119250","targetHints":{"allow":["GET"]}}],"collection":[{"href":"https:\/\/linitiative.ca\/International\/wp-json\/wp\/v2\/posts"}],"about":[{"href":"https:\/\/linitiative.ca\/International\/wp-json\/wp\/v2\/types\/post"}],"author":[{"embeddable":true,"href":"https:\/\/linitiative.ca\/International\/wp-json\/wp\/v2\/users\/1965"}],"replies":[{"embeddable":true,"href":"https:\/\/linitiative.ca\/International\/wp-json\/wp\/v2\/comments?post=119250"}],"version-history":[{"count":0,"href":"https:\/\/linitiative.ca\/International\/wp-json\/wp\/v2\/posts\/119250\/revisions"}],"wp:attachment":[{"href":"https:\/\/linitiative.ca\/International\/wp-json\/wp\/v2\/media?parent=119250"}],"wp:term":[{"taxonomy":"category","embeddable":true,"href":"https:\/\/linitiative.ca\/International\/wp-json\/wp\/v2\/categories?post=119250"},{"taxonomy":"post_tag","embeddable":true,"href":"https:\/\/linitiative.ca\/International\/wp-json\/wp\/v2\/tags?post=119250"}],"curies":[{"name":"wp","href":"https:\/\/api.w.org\/{rel}","templated":true}]}}