{"id":119256,"date":"2021-06-22T14:08:20","date_gmt":"2021-06-22T18:08:20","guid":{"rendered":"https:\/\/linitiative.ca\/International\/le-capital-productif-des-entreprises-augmente-de-14-en-2019\/"},"modified":"2021-06-22T14:08:20","modified_gmt":"2021-06-22T18:08:20","slug":"le-capital-productif-des-entreprises-augmente-de-14-en-2019","status":"publish","type":"post","link":"https:\/\/linitiative.ca\/International\/le-capital-productif-des-entreprises-augmente-de-14-en-2019\/","title":{"rendered":"Le capital productif des entreprises augmente de 14% en 2019"},"content":{"rendered":"<div>\n<p>En 2019,\u00a0 le capital \u00a0\u00a0productif\u00a0 des entreprises a continu\u00e9 d\u2019augmenter fr\u00f4lant \u00a0ainsi la barre de 14%. Cette performance est cons\u00e9cutive \u00e0 la hausse du taux de valeur ajout\u00e9e de +1,2 point de pourcentage. C\u2019est ce que rel\u00e8ve l\u2019\u00e9tude \u00e9conomique et financi\u00e8re des entreprises de 2019, de l\u2019Institut national de la statistique (INS). Le rapport qui dresse un portrait-robot des entreprises durant cette ann\u00e9e \u00a0souligne que la hausse de la productivit\u00e9 du capital s\u2019observe dans tous les secteurs d\u2019activit\u00e9, surtout dans le secteur primaire o\u00f9 l\u2019\u00e9cart d\u2019augmentation est de +3 points par rapport \u00e0 2018.<\/p>\n<p><strong>Lire aussi<\/strong> : <strong><a href=\"https:\/\/ecomatin.net\/le-chiffre-daffaires-des-pme-baissentt-de-80-au-2nd-semestre-2020\/\">Le chiffre d\u2019affaires des PME baisse de 80% au 2nd semestre 2020<\/a><\/strong><\/p>\n<p>Le capital productif des entreprises se caract\u00e9rise alors par une d\u00e9t\u00e9rioration du rythme de renouvellement des \u00e9quipements. En effet, \u00ab\u00a0le taux de vieillissement des immobilisations, qui rapporte le cumul des amortissements aux immobilisations brutes, a continu\u00e9 \u00e0 progresser en 2019, franchissant d\u00e9sormais la barre de 60%. Il se situait seulement \u00e0 36,5% quatre ans plus t\u00f4t\u00a0\u00bb, souligne le rapport de l\u2019INS.<\/p>\n<p><strong>Lire aussi<\/strong> : <strong><a href=\"https:\/\/ecomatin.net\/accompagnement-des-pme-un-nouveauu-guichet-de-financement-desormais-disponible\/\">Accompagnement des PME : un nouveau guichet de financement d\u00e9sormais disponible<\/a><\/strong><\/p>\n<p>Autre point soulev\u00e9 par le document de l\u2019INS, est l\u2019investissement brut des entreprises. Cons\u00e9cutivement \u00e0 l\u2019\u00e9volution du taux d\u2019endettement des entreprises et \u00e0 des facteurs conjoncturels, les investissements bruts des entreprises pour l\u2019exercice 2019 ont globalement chut\u00e9 de -23,6% par rapport \u00e0 l\u2019ann\u00e9e pr\u00e9c\u00e9dente. Selon l\u2019\u00e9tude de l\u2019institut en charge de la statistique, \u00ab\u00a0ce recul des investissements, malgr\u00e9 la hausse dans le secteur primaire, s\u2019est manifest\u00e9 dans les secteurs secondaire et tertiaire, ce denier affichant un taux plus prononc\u00e9, soit -35,8%. Dans ce sillage le taux d\u2019investissement, qui rapporte les investissements \u00e0 la valeur ajout\u00e9e, a fl\u00e9chit \u00e0 56,7%, soit -21,9 points par rapport \u00e0 2018. Dans le secteur tertiaire, le d\u00e9crochage du taux d\u2019investissement a \u00e9t\u00e9 plus marqu\u00e9, soit -37,1 points\u00bb.<\/p>\n<p><strong>Lire aussi<\/strong> : <strong><a href=\"https:\/\/ecomatin.net\/pme-camerounaises-la-bei-et-societe-generale-ouvrent-une-ligne-de-credit-de-10-milliards\/\">PME camerounaises : la BEI et Soci\u00e9t\u00e9 G\u00e9n\u00e9rale ouvrent une ligne de cr\u00e9dit de 10 milliards<\/a><\/strong><\/p>\n<p>L\u2019article <a rel=\"nofollow\" href=\"https:\/\/ecomatin.net\/le-capital-productif-des-entreprisess-augmente-de-14-en-2019\/\">Le capital productif des entreprises augmente de 14% en 2019<\/a> est apparu en premier sur <a rel=\"nofollow\" href=\"https:\/\/ecomatin.net\/\">EcoMatin<\/a>.<\/p>\n<\/div>\n<p>Auteur: Amina MALLOUM<br \/>\n<a href=\"https:\/\/ecomatin.net\/le-capital-productif-des-entreprisess-augmente-de-14-en-2019\/\">Cliquez ici pour lire l&rsquo;article depuis sa source.<\/a><\/p>\n","protected":false},"excerpt":{"rendered":"<p>En 2019,\u00a0 le capital \u00a0\u00a0productif\u00a0 des entreprises a continu\u00e9 d\u2019augmenter fr\u00f4lant \u00a0ainsi la barre de 14%. Cette performance est cons\u00e9cutive \u00e0 la hausse du taux de valeur ajout\u00e9e de +1,2 point de pourcentage. C\u2019est ce que rel\u00e8ve l\u2019\u00e9tude \u00e9conomique et financi\u00e8re des entreprises de 2019, de l\u2019Institut national de la statistique (INS). Le rapport qui [&hellip;]<\/p>\n","protected":false},"author":1969,"featured_media":0,"comment_status":"closed","ping_status":"closed","sticky":false,"template":"","format":"standard","meta":{"fifu_image_url":"","fifu_image_alt":"","footnotes":""},"categories":[82,78],"tags":[],"class_list":["post-119256","post","type-post","status-publish","format-standard","hentry","category-cameroun","category-economie"],"_links":{"self":[{"href":"https:\/\/linitiative.ca\/International\/wp-json\/wp\/v2\/posts\/119256","targetHints":{"allow":["GET"]}}],"collection":[{"href":"https:\/\/linitiative.ca\/International\/wp-json\/wp\/v2\/posts"}],"about":[{"href":"https:\/\/linitiative.ca\/International\/wp-json\/wp\/v2\/types\/post"}],"author":[{"embeddable":true,"href":"https:\/\/linitiative.ca\/International\/wp-json\/wp\/v2\/users\/1969"}],"replies":[{"embeddable":true,"href":"https:\/\/linitiative.ca\/International\/wp-json\/wp\/v2\/comments?post=119256"}],"version-history":[{"count":0,"href":"https:\/\/linitiative.ca\/International\/wp-json\/wp\/v2\/posts\/119256\/revisions"}],"wp:attachment":[{"href":"https:\/\/linitiative.ca\/International\/wp-json\/wp\/v2\/media?parent=119256"}],"wp:term":[{"taxonomy":"category","embeddable":true,"href":"https:\/\/linitiative.ca\/International\/wp-json\/wp\/v2\/categories?post=119256"},{"taxonomy":"post_tag","embeddable":true,"href":"https:\/\/linitiative.ca\/International\/wp-json\/wp\/v2\/tags?post=119256"}],"curies":[{"name":"wp","href":"https:\/\/api.w.org\/{rel}","templated":true}]}}