{"id":119257,"date":"2021-06-22T15:00:14","date_gmt":"2021-06-22T19:00:14","guid":{"rendered":"https:\/\/linitiative.ca\/International\/le-comifer-donne-son-feu-vert-pour-la-mise-en-service-du-train-express\/"},"modified":"2021-06-22T15:00:14","modified_gmt":"2021-06-22T19:00:14","slug":"le-comifer-donne-son-feu-vert-pour-la-mise-en-service-du-train-express","status":"publish","type":"post","link":"https:\/\/linitiative.ca\/International\/le-comifer-donne-son-feu-vert-pour-la-mise-en-service-du-train-express\/","title":{"rendered":"Le Comifer donne son feu vert pour la mise en service du Train Express"},"content":{"rendered":"<div>\n<p>Le train express Douala-Yaound\u00e9\u00a0entrera en service dans les prochains jours. C\u2019est ce qui ressort de la session extraordinaire du Comit\u00e9 interminist\u00e9riel des infrastructures ferroviaires (Comifer) et du Comit\u00e9 de Transport Voyageurs (CTV) tenue ce mardi 22 juin 2021 \u00e0 Yaound\u00e9. Les modalit\u00e9s de la mise en service du Train Express ont \u00e9t\u00e9 adopt\u00e9es au cours de cette rencontre. \u00ab Cette rencontre se tient au lendemain de la haute autorisation du chef de l\u2019Etat pour le lancement du Train Express Douala \u2013 Yaound\u00e9 \u00bb, a d\u00e9clar\u00e9 Jean Ernest Massena Ngalle Bibehe, le ministre des Transports, \u00e0 l\u2019ouverture des travaux.<\/p>\n<p>Pour les voyageurs, deux classes ont \u00e9t\u00e9 retenues: la premi\u00e8re qui co\u00fbtera 9000 FCFA et la seconde qui co\u00fbtera 6000 FCFA. Comme observ\u00e9 lors du voyage inaugural du 29 avril dernier, trois arr\u00eats sont pr\u00e9vus sur le trajet\u00a0: \u00e0 Makak, Eseka et Edea.<\/p>\n<p>On est cependant bien loin des projections faites par le ministre des transports il y a un an. Lors de la 34<sup>e<\/sup>\u00a0session du comit\u00e9 interminist\u00e9riel des infrastructures ferroviaires (Comifer) de juillet 2020, ce dernier annon\u00e7ait la mise en service d\u2019un train \u00ab\u00a0Ultramodene\u00a0\u00bb. \u00ab\u00a0Nous pourrons pr\u00e9tendre au lancement, dans les prochains jours, d\u2019un service de train ultra moderne, qui viendra combler le vide laiss\u00e9 par le train Intercity, \u00e0 la suite du sinistre survenu le 21 octobre 2016 \u00e0 Es\u00e9ka\u00a0\u00bb, assurait-il devant ses pairs membres dudit comit\u00e9.<\/p>\n<p>Sauf que rendu \u00e0 ce jour, les seuls \u00e9l\u00e9ments neufs de ce train sont les locomotives, livr\u00e9es par la compagnie am\u00e9ricaine General Electric en janvier 2020 et r\u00e9ceptionn\u00e9es par les autorit\u00e9s camerounaises en juin de la m\u00eame ann\u00e9e. D\u2019une capacit\u00e9 de 3300 CV, ces nouvelles locomotives seraient plus puissantes que celles qui conduisent l\u2019intercity qui lui participe en grande pompe \u00e0 cette relance.<\/p>\n<p>Nous y reviendrons\u00a0!\u00a0<\/p>\n<p>L\u2019article <a rel=\"nofollow\" href=\"https:\/\/ecomatin.net\/le-comifer-donne-son-feu-vertt-pour-la-mise-en-service-du-train-express\/\">Le Comifer donne son feu vert pour la mise en service du Train Express<\/a> est apparu en premier sur <a rel=\"nofollow\" href=\"https:\/\/ecomatin.net\/\">EcoMatin<\/a>.<\/p>\n<\/div>\n<p>Auteur: Cedrick JIONGO<br \/>\n<a href=\"https:\/\/ecomatin.net\/le-comifer-donne-son-feu-vertt-pour-la-mise-en-service-du-train-express\/\">Cliquez ici pour lire l&rsquo;article depuis sa source.<\/a><\/p>\n","protected":false},"excerpt":{"rendered":"<p>Le train express Douala-Yaound\u00e9\u00a0entrera en service dans les prochains jours. C\u2019est ce qui ressort de la session extraordinaire du Comit\u00e9 interminist\u00e9riel des infrastructures ferroviaires (Comifer) et du Comit\u00e9 de Transport Voyageurs (CTV) tenue ce mardi 22 juin 2021 \u00e0 Yaound\u00e9. Les modalit\u00e9s de la mise en service du Train Express ont \u00e9t\u00e9 adopt\u00e9es au cours [&hellip;]<\/p>\n","protected":false},"author":1969,"featured_media":0,"comment_status":"closed","ping_status":"closed","sticky":false,"template":"","format":"standard","meta":{"fifu_image_url":"","fifu_image_alt":"","footnotes":""},"categories":[82,78],"tags":[],"class_list":["post-119257","post","type-post","status-publish","format-standard","hentry","category-cameroun","category-economie"],"_links":{"self":[{"href":"https:\/\/linitiative.ca\/International\/wp-json\/wp\/v2\/posts\/119257","targetHints":{"allow":["GET"]}}],"collection":[{"href":"https:\/\/linitiative.ca\/International\/wp-json\/wp\/v2\/posts"}],"about":[{"href":"https:\/\/linitiative.ca\/International\/wp-json\/wp\/v2\/types\/post"}],"author":[{"embeddable":true,"href":"https:\/\/linitiative.ca\/International\/wp-json\/wp\/v2\/users\/1969"}],"replies":[{"embeddable":true,"href":"https:\/\/linitiative.ca\/International\/wp-json\/wp\/v2\/comments?post=119257"}],"version-history":[{"count":0,"href":"https:\/\/linitiative.ca\/International\/wp-json\/wp\/v2\/posts\/119257\/revisions"}],"wp:attachment":[{"href":"https:\/\/linitiative.ca\/International\/wp-json\/wp\/v2\/media?parent=119257"}],"wp:term":[{"taxonomy":"category","embeddable":true,"href":"https:\/\/linitiative.ca\/International\/wp-json\/wp\/v2\/categories?post=119257"},{"taxonomy":"post_tag","embeddable":true,"href":"https:\/\/linitiative.ca\/International\/wp-json\/wp\/v2\/tags?post=119257"}],"curies":[{"name":"wp","href":"https:\/\/api.w.org\/{rel}","templated":true}]}}