{"id":119258,"date":"2021-06-22T15:08:31","date_gmt":"2021-06-22T19:08:31","guid":{"rendered":"https:\/\/linitiative.ca\/International\/coronavirus-les-deputes-boudent-la-vaccination\/"},"modified":"2021-06-22T15:08:31","modified_gmt":"2021-06-22T19:08:31","slug":"coronavirus-les-deputes-boudent-la-vaccination","status":"publish","type":"post","link":"https:\/\/linitiative.ca\/International\/coronavirus-les-deputes-boudent-la-vaccination\/","title":{"rendered":"Coronavirus : les d\u00e9put\u00e9s boudent la vaccination"},"content":{"rendered":"<div>\n<p>Ce mercredi 23 juin 2021, les d\u00e9put\u00e9s se penchent sur la question de la vaccination contre le Covid-19. Une pl\u00e9ni\u00e8re qui se tient alors que les parlementaires eux-m\u00eames ne sont pas \u00e0 jour dans ce processus. En effet, \u00e0 peine une vingtaine de ces derniers s\u2019est pr\u00e9sent\u00e9e devant les services du minist\u00e8re de la Sant\u00e9 publique envoy\u00e9s \u00e0 l\u2019Assembl\u00e9e nationale dans le cadre d\u2019une campagne de vaccination. Il y a une semaine, l\u2019Institution comptait seulement 12 d\u00e9put\u00e9s vaccin\u00e9s sur les 173 qu\u2019elle compte d\u00e9sormais (7 d\u00e9c\u00e8s intervenus). Au rang de ces derniers, le d\u00e9put\u00e9 du Parti camerounais pour la r\u00e9conciliation nationale (Pcrn), dont la vaccination a \u00e9t\u00e9 m\u00e9diatis\u00e9e il y a quelques jours.<\/p>\n<p>En rappel, deux vaccins sont propos\u00e9s aux parlementaires\u00a0: Sinopharm et AztraZeneca. Des vaccins qu\u2019ils sont suppos\u00e9s prendre en deux doses.<\/p>\n<p><strong>Pl\u00e9ni\u00e8re sp\u00e9ciale<\/strong><\/p>\n<p>C\u2019est dans ce contexte que se tiendra la pl\u00e9ni\u00e8re sp\u00e9ciale sur le Covid-19 et le processus de mise en place de la couverture Sant\u00e9 universelle. Selon le ministre de la Sant\u00e9 publique, cette rencontre entre le ministre de la Sant\u00e9 publique et les d\u00e9put\u00e9s \u00e0 pour objectifs de\u00a0: \u00ab\u00a0informer et \u00e9changer avec la Repr\u00e9sentation nationale sur le projet de mise en place du cadre l\u00e9gislatif et r\u00e9glementaire de la Couverture Sant\u00e9 universelle et solliciter son accompagnement\u00a0\u00a0dans le processus de mise en \u0153uvre effective de cet instrument de solidarit\u00e9 nationale et d\u2019\u00e9quit\u00e9 dans l\u2019acc\u00e8s aux soins\u00a0; d\u00e9battre des strat\u00e9gies et des choix\u00a0\u00a0du gouvernement en mati\u00e8re de vaccin contre le Covid 19\u00a0\u00bb<em>\u00a0<\/em>indique Gaston Komba.<\/p>\n<p>L\u2019organisation de cette pl\u00e9ni\u00e8re sp\u00e9ciale intervient quelques mois apr\u00e8s avoir \u00e9chou\u00e9. En effet, c\u2019est en avril dernier qu\u2019elle aurait d\u00fb se tenir. La Chambre Basse du Parlement avait cependant \u00e9t\u00e9 impact\u00e9e par le d\u00e9c\u00e8s du Secr\u00e9taire d\u2019Etat aupr\u00e8s du ministre de la Sant\u00e9 publique charg\u00e9 de la lutte contre les \u00e9pid\u00e9mies et les pand\u00e9mies.\u00a0\u00a0La disparition d\u2019Alim Hayatou le 5 avril 2021, avait pouss\u00e9 l\u2019Assembl\u00e9e nationale \u00e0 annuler ladite\u00a0\u00a0s\u00e9ance. \u00ab\u00a0Le Secr\u00e9taire g\u00e9n\u00e9ral de l\u2019Assembl\u00e9e nationale informe les honorables d\u00e9put\u00e9s que, suite au d\u00e9c\u00e8s du Secr\u00e9taire d\u2019Etat aupr\u00e8s du ministre de la Sant\u00e9 publique, charg\u00e9 de la lutte contre les \u00e9pid\u00e9mies et les pand\u00e9mies, la s\u00e9ance pl\u00e9ni\u00e8re sp\u00e9ciale sur la couverture sant\u00e9 universelle et la vaccination contre la Covid-19, pr\u00e9vue le mardi 6 avril 2021 est annul\u00e9e\u00a0\u00bb \u00e9crivait alors Gaston Komba.<\/p>\n<p><strong>Ren\u00e9 Ombala<\/strong><\/p>\n<p>L\u2019article <a rel=\"nofollow\" href=\"https:\/\/ecomatin.net\/coronavirus-les-deputes-boudent-la-vaccination\/\">Coronavirus : les d\u00e9put\u00e9s boudent la vaccination<\/a> est apparu en premier sur <a rel=\"nofollow\" href=\"https:\/\/ecomatin.net\/\">EcoMatin<\/a>.<\/p>\n<\/div>\n<p>Auteur: EcoMatin<br \/>\n<a href=\"https:\/\/ecomatin.net\/coronavirus-les-deputes-boudent-la-vaccination\/\">Cliquez ici pour lire l&rsquo;article depuis sa source.<\/a><\/p>\n","protected":false},"excerpt":{"rendered":"<p>Ce mercredi 23 juin 2021, les d\u00e9put\u00e9s se penchent sur la question de la vaccination contre le Covid-19. Une pl\u00e9ni\u00e8re qui se tient alors que les parlementaires eux-m\u00eames ne sont pas \u00e0 jour dans ce processus. En effet, \u00e0 peine une vingtaine de ces derniers s\u2019est pr\u00e9sent\u00e9e devant les services du minist\u00e8re de la Sant\u00e9 [&hellip;]<\/p>\n","protected":false},"author":1969,"featured_media":0,"comment_status":"closed","ping_status":"closed","sticky":false,"template":"","format":"standard","meta":{"fifu_image_url":"","fifu_image_alt":"","footnotes":""},"categories":[82,78],"tags":[],"class_list":["post-119258","post","type-post","status-publish","format-standard","hentry","category-cameroun","category-economie"],"_links":{"self":[{"href":"https:\/\/linitiative.ca\/International\/wp-json\/wp\/v2\/posts\/119258","targetHints":{"allow":["GET"]}}],"collection":[{"href":"https:\/\/linitiative.ca\/International\/wp-json\/wp\/v2\/posts"}],"about":[{"href":"https:\/\/linitiative.ca\/International\/wp-json\/wp\/v2\/types\/post"}],"author":[{"embeddable":true,"href":"https:\/\/linitiative.ca\/International\/wp-json\/wp\/v2\/users\/1969"}],"replies":[{"embeddable":true,"href":"https:\/\/linitiative.ca\/International\/wp-json\/wp\/v2\/comments?post=119258"}],"version-history":[{"count":0,"href":"https:\/\/linitiative.ca\/International\/wp-json\/wp\/v2\/posts\/119258\/revisions"}],"wp:attachment":[{"href":"https:\/\/linitiative.ca\/International\/wp-json\/wp\/v2\/media?parent=119258"}],"wp:term":[{"taxonomy":"category","embeddable":true,"href":"https:\/\/linitiative.ca\/International\/wp-json\/wp\/v2\/categories?post=119258"},{"taxonomy":"post_tag","embeddable":true,"href":"https:\/\/linitiative.ca\/International\/wp-json\/wp\/v2\/tags?post=119258"}],"curies":[{"name":"wp","href":"https:\/\/api.w.org\/{rel}","templated":true}]}}