{"id":119275,"date":"2021-06-22T14:00:00","date_gmt":"2021-06-22T18:00:00","guid":{"rendered":"https:\/\/linitiative.ca\/International\/prolongation-jusqua-mercredi-du-delai-de-depot-des-candidatures\/"},"modified":"2021-06-22T14:00:00","modified_gmt":"2021-06-22T18:00:00","slug":"prolongation-jusqua-mercredi-du-delai-de-depot-des-candidatures","status":"publish","type":"post","link":"https:\/\/linitiative.ca\/International\/prolongation-jusqua-mercredi-du-delai-de-depot-des-candidatures\/","title":{"rendered":"Prolongation jusqu\u2019\u00e0 mercredi du d\u00e9lai de d\u00e9p\u00f4t des candidatures"},"content":{"rendered":"<div>\n<p class=\"has-text-align-center has-vivid-cyan-blue-color has-text-color\"><strong>Classes pr\u00e9pa aux grandes Ecoles<\/strong><\/p>\n<p class=\"has-black-color has-text-color\"><strong>Le d\u00e9lai de d\u00e9p\u00f4t des candidatures d\u2019acc\u00e8s aux Classes pr\u00e9paratoires aux grandes \u00e9coles (CPGE) a \u00e9t\u00e9 prorog\u00e9 jusqu\u2019\u00e0 mercredi 23 juin courant, a annonc\u00e9 lundi le d\u00e9partement de l\u2019\u00c9ducation nationale.<\/strong><\/p>\n<p class=\"has-black-color has-text-color\">Les bacheliers remplissant les conditions requises peuvent d\u00e9poser leurs candidatures sur les liens suivants: www.cpe.ac.ma et https:\/\/massarservice.men.gov.ma\/moutamadris.<\/p>\n<p class=\"has-black-color has-text-color\">La d\u00e9cision de prolongation du d\u00e9lai fait suite au \u00ab\u00a0grand engouement\u00a0\u00bb marquant l\u2019op\u00e9ration de d\u00e9p\u00f4t des candidatures \u00e0 \u00ab\u00a0l\u2019\u00e9norme pression\u00a0\u00bb subie par le syst\u00e8me \u00ab\u00a0Massar\u00a0\u00bb, dans le sillage de l\u2019annonce des r\u00e9sultats de la session normale de l\u2019examen national unifi\u00e9 du baccalaur\u00e9at, a-t-on expliqu\u00e9 e m\u00eame source.<\/p>\n<p class=\"has-black-color has-text-color\">Les r\u00e9sultats des listes principales seront annonc\u00e9s \u00e0 partir du 29 juin courant.<\/p>\n<p>L\u2019article <a rel=\"nofollow\" href=\"http:\/\/albayane.press.ma\/prolongation-jusqua-mercredi-du-delai-de-depot-des-candidatures.html\">Prolongation jusqu\u2019\u00e0 mercredi du d\u00e9lai de d\u00e9p\u00f4t des candidatures<\/a> est apparu en premier sur <a rel=\"nofollow\" href=\"http:\/\/albayane.press.ma\/\">ALBAYANE<\/a>.<\/p>\n<\/div>\n<p>Auteur: M&rsquo;hammed rahal<br \/>\n<a href=\"http:\/\/albayane.press.ma\/prolongation-jusqua-mercredi-du-delai-de-depot-des-candidatures.html\">Cliquez ici pour lire l&rsquo;article depuis sa source.<\/a><\/p>\n","protected":false},"excerpt":{"rendered":"<p>Classes pr\u00e9pa aux grandes Ecoles Le d\u00e9lai de d\u00e9p\u00f4t des candidatures d\u2019acc\u00e8s aux Classes pr\u00e9paratoires aux grandes \u00e9coles (CPGE) a \u00e9t\u00e9 prorog\u00e9 jusqu\u2019\u00e0 mercredi 23 juin courant, a annonc\u00e9 lundi le d\u00e9partement de l\u2019\u00c9ducation nationale. Les bacheliers remplissant les conditions requises peuvent d\u00e9poser leurs candidatures sur les liens suivants: www.cpe.ac.ma et https:\/\/massarservice.men.gov.ma\/moutamadris. La d\u00e9cision de [&hellip;]<\/p>\n","protected":false},"author":1760,"featured_media":0,"comment_status":"closed","ping_status":"closed","sticky":false,"template":"","format":"standard","meta":{"fifu_image_url":"","fifu_image_alt":"","footnotes":""},"categories":[73,54],"tags":[],"class_list":["post-119275","post","type-post","status-publish","format-standard","hentry","category-actualite","category-maroc"],"_links":{"self":[{"href":"https:\/\/linitiative.ca\/International\/wp-json\/wp\/v2\/posts\/119275","targetHints":{"allow":["GET"]}}],"collection":[{"href":"https:\/\/linitiative.ca\/International\/wp-json\/wp\/v2\/posts"}],"about":[{"href":"https:\/\/linitiative.ca\/International\/wp-json\/wp\/v2\/types\/post"}],"author":[{"embeddable":true,"href":"https:\/\/linitiative.ca\/International\/wp-json\/wp\/v2\/users\/1760"}],"replies":[{"embeddable":true,"href":"https:\/\/linitiative.ca\/International\/wp-json\/wp\/v2\/comments?post=119275"}],"version-history":[{"count":0,"href":"https:\/\/linitiative.ca\/International\/wp-json\/wp\/v2\/posts\/119275\/revisions"}],"wp:attachment":[{"href":"https:\/\/linitiative.ca\/International\/wp-json\/wp\/v2\/media?parent=119275"}],"wp:term":[{"taxonomy":"category","embeddable":true,"href":"https:\/\/linitiative.ca\/International\/wp-json\/wp\/v2\/categories?post=119275"},{"taxonomy":"post_tag","embeddable":true,"href":"https:\/\/linitiative.ca\/International\/wp-json\/wp\/v2\/tags?post=119275"}],"curies":[{"name":"wp","href":"https:\/\/api.w.org\/{rel}","templated":true}]}}