{"id":119276,"date":"2021-06-22T14:00:00","date_gmt":"2021-06-22T18:00:00","guid":{"rendered":"https:\/\/linitiative.ca\/International\/assemblee-generale-du-reseau-des-autorites-dafrique\/"},"modified":"2021-06-22T14:00:00","modified_gmt":"2021-06-22T18:00:00","slug":"assemblee-generale-du-reseau-des-autorites-dafrique","status":"publish","type":"post","link":"https:\/\/linitiative.ca\/International\/assemblee-generale-du-reseau-des-autorites-dafrique\/","title":{"rendered":"Assembl\u00e9e g\u00e9n\u00e9rale du R\u00e9seau des autorit\u00e9s d\u2019Afrique"},"content":{"rendered":"<div>\n<p class=\"has-text-align-center has-vivid-red-color has-text-color\"><strong>Protection des donn\u00e9es personnelles<\/strong><\/p>\n<p class=\"has-text-align-left has-black-color has-text-color\"><strong>Le R\u00e9seau africain des autorit\u00e9s de protection des donn\u00e9es personnelles (RAPDP) a tenu, mardi \u00e0 Rabat, son assembl\u00e9e g\u00e9n\u00e9rale, consacr\u00e9e notamment \u00e0 la pr\u00e9sentation du rapport d\u2019activit\u00e9s du mandat 2018-2021 et \u00e0 l\u2019examen des demandes d\u2019adh\u00e9sion.<\/strong><\/p>\n<p class=\"has-text-align-left has-black-color has-text-color\">Les participants \u00e0 cette assembl\u00e9e, tenue en mode hybride (pr\u00e9sentiel\/distanciel), se sont aussi pench\u00e9s sur les avanc\u00e9es r\u00e9alis\u00e9es au cours des trois derni\u00e8res ann\u00e9es et les difficult\u00e9s rencontr\u00e9es dans la mise en \u0153uvre des programmes du R\u00e9seau.<\/p>\n<p class=\"has-text-align-left has-black-color has-text-color\">Les expos\u00e9s pr\u00e9sent\u00e9s ont port\u00e9 sur le renforcement de capacit\u00e9s dans le domaine de la protection des donn\u00e9es personnelles, la question de l\u2019identit\u00e9 num\u00e9rique et les aspects de la coop\u00e9ration avec l\u2019Union africaine.<\/p>\n<p class=\"has-text-align-left has-black-color has-text-color\">Dans une d\u00e9claration \u00e0 la cha\u00eene \u00ab\u00a0M24\u00a0\u00bb, la pr\u00e9sidente sortante du RAPDP, Marguerite Ouedraogo Bonane (Burkina Faso), a relev\u00e9 que durant le mandat \u00e9coul\u00e9, l\u2019organisation a \u00e9tabli un plan d\u2019action qu\u2019elle a essay\u00e9 de d\u00e9ployer, notamment par la mise en place d\u2019outils de travail, le renforcement de la coop\u00e9ration entre les autorit\u00e9s africaines comp\u00e9tentes, ainsi que l\u2019am\u00e9lioration de leurs capacit\u00e9s de mener \u00e0 bien leurs missions.<\/p>\n<p class=\"has-text-align-left has-black-color has-text-color\">\u00ab\u00a0Nous pensons que nous avons atteint nos objectifs et sommes pr\u00eats aujourd\u2019hui \u00e0 passer la main \u00e0 une autre autorit\u00e9 (nationale), en vue de poursuivre la mission\u201d, a-t-elle d\u00e9clar\u00e9.<\/p>\n<p class=\"has-text-align-left has-black-color has-text-color\">De son c\u00f4t\u00e9, Omar Seghrouchni, pr\u00e9sident de la Commission nationale de contr\u00f4le de la protection des donn\u00e9es \u00e0 caract\u00e8re personnel (CNDP), a soulign\u00e9 que le R\u00e9seau africain est confront\u00e9 \u00e0 de nombreux challenges, dans la mesure o\u00f9 le contient fait face \u00e0 un ensemble de probl\u00e9matiques li\u00e9es \u00e0 la protection des donn\u00e9es priv\u00e9es.<\/p>\n<p class=\"has-text-align-left has-black-color has-text-color\">Les r\u00e9flexions sont en cours et des \u00e9changes intenses sont men\u00e9s ces derniers mois, en particulier pendant la phase de pand\u00e9mie de la Covid-19, pour pouvoir accompagner le d\u00e9ploiement du digital en Afrique et rassurer les citoyens, les op\u00e9rateurs et les gouvernements quant \u00e0 la fiabilit\u00e9 des solutions digitales, a assur\u00e9 M. Seghrouchni, souhaitant la mise en place d\u2019un \u00ab\u00a0digital de confiance\u00a0\u00bb.<\/p>\n<p class=\"has-text-align-left has-black-color has-text-color\">Le programme de l\u2019Assembl\u00e9e g\u00e9n\u00e9rale comporte l\u2019\u00e9lection d\u2019un nouveau bureau du RAPDP, qui est constitu\u00e9 de trois membres, \u00e0 savoir le pr\u00e9sident, le vice-pr\u00e9sident et le secr\u00e9tariat permanent.<\/p>\n<p>L\u2019article <a rel=\"nofollow\" href=\"http:\/\/albayane.press.ma\/assemblee-generale-du-reseau-des-autorites-dafrique.html\">Assembl\u00e9e g\u00e9n\u00e9rale du R\u00e9seau des autorit\u00e9s d\u2019Afrique<\/a> est apparu en premier sur <a rel=\"nofollow\" href=\"http:\/\/albayane.press.ma\/\">ALBAYANE<\/a>.<\/p>\n<\/div>\n<p>Auteur: M&rsquo;hammed rahal<br \/>\n<a href=\"http:\/\/albayane.press.ma\/assemblee-generale-du-reseau-des-autorites-dafrique.html\">Cliquez ici pour lire l&rsquo;article depuis sa source.<\/a><\/p>\n","protected":false},"excerpt":{"rendered":"<p>Protection des donn\u00e9es personnelles Le R\u00e9seau africain des autorit\u00e9s de protection des donn\u00e9es personnelles (RAPDP) a tenu, mardi \u00e0 Rabat, son assembl\u00e9e g\u00e9n\u00e9rale, consacr\u00e9e notamment \u00e0 la pr\u00e9sentation du rapport d\u2019activit\u00e9s du mandat 2018-2021 et \u00e0 l\u2019examen des demandes d\u2019adh\u00e9sion. Les participants \u00e0 cette assembl\u00e9e, tenue en mode hybride (pr\u00e9sentiel\/distanciel), se sont aussi pench\u00e9s sur [&hellip;]<\/p>\n","protected":false},"author":1760,"featured_media":0,"comment_status":"closed","ping_status":"closed","sticky":false,"template":"","format":"standard","meta":{"fifu_image_url":"","fifu_image_alt":"","footnotes":""},"categories":[73,54],"tags":[],"class_list":["post-119276","post","type-post","status-publish","format-standard","hentry","category-actualite","category-maroc"],"_links":{"self":[{"href":"https:\/\/linitiative.ca\/International\/wp-json\/wp\/v2\/posts\/119276","targetHints":{"allow":["GET"]}}],"collection":[{"href":"https:\/\/linitiative.ca\/International\/wp-json\/wp\/v2\/posts"}],"about":[{"href":"https:\/\/linitiative.ca\/International\/wp-json\/wp\/v2\/types\/post"}],"author":[{"embeddable":true,"href":"https:\/\/linitiative.ca\/International\/wp-json\/wp\/v2\/users\/1760"}],"replies":[{"embeddable":true,"href":"https:\/\/linitiative.ca\/International\/wp-json\/wp\/v2\/comments?post=119276"}],"version-history":[{"count":0,"href":"https:\/\/linitiative.ca\/International\/wp-json\/wp\/v2\/posts\/119276\/revisions"}],"wp:attachment":[{"href":"https:\/\/linitiative.ca\/International\/wp-json\/wp\/v2\/media?parent=119276"}],"wp:term":[{"taxonomy":"category","embeddable":true,"href":"https:\/\/linitiative.ca\/International\/wp-json\/wp\/v2\/categories?post=119276"},{"taxonomy":"post_tag","embeddable":true,"href":"https:\/\/linitiative.ca\/International\/wp-json\/wp\/v2\/tags?post=119276"}],"curies":[{"name":"wp","href":"https:\/\/api.w.org\/{rel}","templated":true}]}}