{"id":119278,"date":"2021-06-22T14:00:00","date_gmt":"2021-06-22T18:00:00","guid":{"rendered":"https:\/\/linitiative.ca\/International\/des-miliciens-du-polisario-agressent-une-journaliste-marocaine\/"},"modified":"2021-06-22T14:00:00","modified_gmt":"2021-06-22T18:00:00","slug":"des-miliciens-du-polisario-agressent-une-journaliste-marocaine","status":"publish","type":"post","link":"https:\/\/linitiative.ca\/International\/des-miliciens-du-polisario-agressent-une-journaliste-marocaine\/","title":{"rendered":"Des miliciens du polisario agressent une journaliste marocaine"},"content":{"rendered":"<div>\n<p class=\"has-text-align-right has-vivid-red-color has-text-color\"><strong>Karim Ben Amar<\/strong><\/p>\n<p class=\"has-black-color has-text-color\"><strong>Des \u00e9l\u00e9ments du Polisario ont violemment agress\u00e9 une journaliste marocaine, lundi 21 juin \u00e0 Gen\u00e8ve en Suisse. Ces derniers ont commis leur forfait en face du si\u00e8ge de l\u2019ONU. La journaliste a d\u00e9pos\u00e9 plainte. Trois miliciens ont \u00e9t\u00e9 arr\u00eat\u00e9s.\u00a0Les d\u00e9tails.<\/strong><\/p>\n<p class=\"has-black-color has-text-color\">L\u2019agression s\u2019est d\u00e9roul\u00e9e en face du si\u00e8ge des Nations-Unis \u00e0 Gen\u00e8ve. Houda Belkadi El Haloui, journaliste marocaine r\u00e9sidente en Suisse, a \u00e9t\u00e9 victime d\u2019une l\u00e2che agression le lundi 21 juin, de la part des miliciens de la fantomatique rasd.<\/p>\n<p class=\"has-black-color has-text-color\">Comme le montrent de nombreuses vid\u00e9os post\u00e9es sur les r\u00e9seaux sociaux, la journaliste a \u00e9t\u00e9 prise \u00e0 partie par des \u00e9l\u00e9ments du polisario. Les assaillants lui ont arrach\u00e9 le drapeau marocain avant d\u2019essayer de l\u2019\u00e9trangler. D\u2019ailleurs, les marques de cette agression sont visibles sur son cou.<\/p>\n<p class=\"has-black-color has-text-color\">Houda Belkadi El Haloui a port\u00e9 plainte aupr\u00e8s de la police suisse. Elle s\u2019est par la suite rendue aux urgences pour recevoir les soins m\u00e9dicaux n\u00e9cessaires.<\/p>\n<p class=\"has-black-color has-text-color\">Cette agression \u00e0 l\u2019image de ces auteurs a suscit\u00e9 un vif \u00e9moi \u00e0 Gen\u00e8ve parmi les membres de la communaut\u00e9 marocaine, \u00e0 l\u2019instar du reste du continent. Cet acte inexplicable a \u00e9t\u00e9 vivement condamn\u00e9 par Abdelkader Iganou, pr\u00e9sident de l\u2019ONG \u00abSahara Marocain en Suisse\u00bb.<\/p>\n<p class=\"has-black-color has-text-color\">Abdelkader Iganou a qualifi\u00e9 cette agression \u00abd\u2019acte terroriste\u00bb. Il a par ailleurs annonc\u00e9 que la police suisse a d\u2019ores et d\u00e9j\u00e0 arr\u00eat\u00e9 trois miliciens de l\u2019entit\u00e9 fantomatique.<\/p>\n<p>L\u2019article <a rel=\"nofollow\" href=\"http:\/\/albayane.press.ma\/des-miliciens-du-polisario-agressent-une-journaliste-marocaine.html\">Des miliciens du polisario agressent une journaliste marocaine<\/a> est apparu en premier sur <a rel=\"nofollow\" href=\"http:\/\/albayane.press.ma\/\">ALBAYANE<\/a>.<\/p>\n<\/div>\n<p>Auteur: M&rsquo;hammed rahal<br \/>\n<a href=\"http:\/\/albayane.press.ma\/des-miliciens-du-polisario-agressent-une-journaliste-marocaine.html\">Cliquez ici pour lire l&rsquo;article depuis sa source.<\/a><\/p>\n","protected":false},"excerpt":{"rendered":"<p>Karim Ben Amar Des \u00e9l\u00e9ments du Polisario ont violemment agress\u00e9 une journaliste marocaine, lundi 21 juin \u00e0 Gen\u00e8ve en Suisse. Ces derniers ont commis leur forfait en face du si\u00e8ge de l\u2019ONU. La journaliste a d\u00e9pos\u00e9 plainte. Trois miliciens ont \u00e9t\u00e9 arr\u00eat\u00e9s.\u00a0Les d\u00e9tails. L\u2019agression s\u2019est d\u00e9roul\u00e9e en face du si\u00e8ge des Nations-Unis \u00e0 Gen\u00e8ve. Houda [&hellip;]<\/p>\n","protected":false},"author":1760,"featured_media":0,"comment_status":"closed","ping_status":"closed","sticky":false,"template":"","format":"standard","meta":{"fifu_image_url":"","fifu_image_alt":"","footnotes":""},"categories":[73,54],"tags":[],"class_list":["post-119278","post","type-post","status-publish","format-standard","hentry","category-actualite","category-maroc"],"_links":{"self":[{"href":"https:\/\/linitiative.ca\/International\/wp-json\/wp\/v2\/posts\/119278","targetHints":{"allow":["GET"]}}],"collection":[{"href":"https:\/\/linitiative.ca\/International\/wp-json\/wp\/v2\/posts"}],"about":[{"href":"https:\/\/linitiative.ca\/International\/wp-json\/wp\/v2\/types\/post"}],"author":[{"embeddable":true,"href":"https:\/\/linitiative.ca\/International\/wp-json\/wp\/v2\/users\/1760"}],"replies":[{"embeddable":true,"href":"https:\/\/linitiative.ca\/International\/wp-json\/wp\/v2\/comments?post=119278"}],"version-history":[{"count":0,"href":"https:\/\/linitiative.ca\/International\/wp-json\/wp\/v2\/posts\/119278\/revisions"}],"wp:attachment":[{"href":"https:\/\/linitiative.ca\/International\/wp-json\/wp\/v2\/media?parent=119278"}],"wp:term":[{"taxonomy":"category","embeddable":true,"href":"https:\/\/linitiative.ca\/International\/wp-json\/wp\/v2\/categories?post=119278"},{"taxonomy":"post_tag","embeddable":true,"href":"https:\/\/linitiative.ca\/International\/wp-json\/wp\/v2\/tags?post=119278"}],"curies":[{"name":"wp","href":"https:\/\/api.w.org\/{rel}","templated":true}]}}