{"id":119288,"date":"2021-06-23T08:44:49","date_gmt":"2021-06-23T12:44:49","guid":{"rendered":"https:\/\/linitiative.ca\/International\/journee-detude-sur-le-developpement-de-larganier\/"},"modified":"2021-06-23T08:44:49","modified_gmt":"2021-06-23T12:44:49","slug":"journee-detude-sur-le-developpement-de-larganier","status":"publish","type":"post","link":"https:\/\/linitiative.ca\/International\/journee-detude-sur-le-developpement-de-larganier\/","title":{"rendered":"Journ\u00e9e d\u2019\u00e9tude sur le d\u00e9veloppement de l\u2019arganier"},"content":{"rendered":"<div>\n<div style=\"margin-bottom:20px;\"><img loading=\"lazy\" decoding=\"async\" width=\"750\" height=\"430\" src=\"https:\/\/linitiative.ca\/International\/wp-content\/uploads\/sites\/23\/2021\/06\/arganier-copier-4.jpg\" class=\"attachment-post-thumbnail size-post-thumbnail wp-post-image\" alt=\"\" srcset=\"https:\/\/linitiative.ca\/International\/wp-content\/uploads\/sites\/23\/2021\/06\/arganier-copier-4.jpg 750w, http:\/\/www.mapmarrakech.ma\/map\/uploads\/2021\/05\/arganier-copier-4-300x172.jpg 300w\" sizes=\"auto, (max-width: 750px) 100vw, 750px\"><\/div>\n<p>Initi\u00e9e par la Facult\u00e9 des Sciences Semlalia (FSSM) relevant de l\u2019Universit\u00e9 Cadi Ayyad de Marrakech (UCA), en partenariat avec l\u2019Agence Nationale de D\u00e9veloppement des Zones Oasiennes et de l\u2019Arganier (ANDZOA), cette rencontre, marqu\u00e9e par la participation d\u2019experts, de responsables locaux, de membres de coop\u00e9ratives et des ayants-droits, a \u00e9t\u00e9 l\u2019occasion d\u2019engager une r\u00e9flexion autour du d\u00e9veloppement de l\u2019\u00e9cosyst\u00e8me arganier et de faire la lumi\u00e8re sur les r\u00e9alisations et perspectives de cette fili\u00e8re vitale pour l\u2019\u00e9conomie locale ainsi que sur les \u00e9tudes scientifiques men\u00e9es dans ce sens.<\/p>\n<p>S\u2019exprimant \u00e0 cette occasion, le directeur de l\u2019EST-Essaouira, Khalid El Kalay, a expliqu\u00e9 que l\u2019objectif principal de ce genre d\u2019initiatives est de contribuer au d\u00e9veloppement de cette fili\u00e8re et \u00e0 la pr\u00e9servation de ce patrimoine, puisqu\u2019il faut comprendre, \u00e9tudier et, partant, d\u00e9velopper ce secteur.<\/p>\n<p>Ainsi, l\u2019universit\u00e9 a grandement besoin de la fili\u00e8re de l\u2019arganier pour mener des travaux de recherche, de m\u00eame que ladite fili\u00e8re a besoin de l\u2019Universit\u00e9 pour son d\u00e9veloppement et l\u2019am\u00e9lioration de son rendement, a-t-il soutenu.<\/p>\n<p>Pour sa part, le professeur \u00e0 la FSSM, Abdelilah El Abbassi, a pr\u00e9sent\u00e9 un expos\u00e9 dans lequel il a jet\u00e9 la lumi\u00e8re sur \u00ab\u00a0le projet Prima SmaCuMed : syst\u00e8me d\u2019irrigation intelligente-Essai de dessalement des eaux saum\u00e2tres et d\u2019irrigation de l\u2019arganier\u00a0\u00bb, pr\u00e9cisant que ce projet vise le d\u00e9veloppement d\u2019un syst\u00e8me performant et intelligent de dessalement et d\u2019irrigation de l\u2019arganier, dans le but d\u2019am\u00e9liorer l\u2019efficacit\u00e9 de l\u2019irrigation et l\u2019intensification des cultures de cet arbre end\u00e9mique.<\/p>\n<p>Et d\u2019ajouter que ce projet s\u2019assigne \u00e9galement pour finalit\u00e9s le d\u00e9veloppement d\u2019un syst\u00e8me modulaire de dessalement des eaux saum\u00e2tres, la mise en place d\u2019un syst\u00e8me robuste de contr\u00f4le de la gestion de l\u2019eau en temps r\u00e9el, la combinaison des panneaux solaires photovolta\u00efques hautement efficaces et d\u2019un g\u00e9n\u00e9rateur thermo\u00e9lectrique pour un fonctionnement autonome, et le renforcement des capacit\u00e9s et des bonnes pratiques entre agriculteurs, d\u00e9cideurs, parties prenantes et communaut\u00e9s scientifiques, \u00e0 travers des sessions de formation.<\/p>\n<p>M. El Abbassi a fait savoir que deux essais pilotes seront conduits, dans le cadre de ce projet, \u00e0 Essaouira (Arganier) et \u00e0 Errachidia (Palmier dattier).<\/p>\n<p>De son c\u00f4t\u00e9, le repr\u00e9sentant de l\u2019ANDZOA, Samir Dahbi, a abord\u00e9 les principales \u00e9tapes franchies dans le d\u00e9veloppement de la fili\u00e8re de l\u2019arganier au cours des derni\u00e8res ann\u00e9es, les r\u00e9alisations accumul\u00e9es dans ce sillage au niveau de la province d\u2019Essaouira et les projets et programmes ex\u00e9cut\u00e9s par les diff\u00e9rents d\u00e9partements relevant du minist\u00e8re de tutelle (ANDZOA, DPA et Direction des eaux et for\u00eats).<\/p>\n<p>Il a \u00e9galement pass\u00e9 en revue les programmes et projets pr\u00e9vus dans le cadre de la strat\u00e9gie \u00ab\u00a0G\u00e9n\u00e9ration Green 2021-2030\u00a0\u00bb et les perspectives de d\u00e9veloppement de cette fili\u00e8re \u00e0 l\u2019\u00e9chelle de la province.<\/p>\n<p>Au menu de cette journ\u00e9e d\u2019\u00e9tude figurait aussi une table ronde pour la coordination des efforts des diff\u00e9rents acteurs publics pour le d\u00e9veloppement de la fili\u00e8re, outre des expos\u00e9s, anim\u00e9s par Abdelaziz Mimouni et Naima Ait Aabd de l\u2019INRA d\u2019Agadir, sur \u00ab\u00a0Les acquis et les avanc\u00e9es de l\u2019INRA sur l\u2019arganier : vers une agriculture moderne, comp\u00e9titive et durable\u00a0\u00bb et la \u00ab\u00a0Caract\u00e9risation de la diversit\u00e9 de l\u2019arganier\u00a0\u00bb.<\/p>\n<p>The post <a rel=\"nofollow\" href=\"http:\/\/www.mapmarrakech.ma\/fr\/journee-detude-sur-le-developpement-de-la-filiere-de-larganier\/\">Journ\u00e9e d\u2019\u00e9tude sur le d\u00e9veloppement de l\u2019arganier<\/a> appeared first on <a rel=\"nofollow\" href=\"http:\/\/www.mapmarrakech.ma\/fr\">MapMarrakech<\/a>.<\/p>\n<\/div>\n<p>Auteur: Meriem IGASS<br \/>\n<a href=\"http:\/\/www.mapmarrakech.ma\/fr\/journee-detude-sur-le-developpement-de-la-filiere-de-larganier\/\">Cliquez ici pour lire l&rsquo;article depuis sa source.<\/a><\/p>\n","protected":false},"excerpt":{"rendered":"<p>Initi\u00e9e par la Facult\u00e9 des Sciences Semlalia (FSSM) relevant de l\u2019Universit\u00e9 Cadi Ayyad de Marrakech (UCA), en partenariat avec l\u2019Agence Nationale de D\u00e9veloppement des Zones Oasiennes et de l\u2019Arganier (ANDZOA), cette rencontre, marqu\u00e9e par la participation d\u2019experts, de responsables locaux, de membres de coop\u00e9ratives et des ayants-droits, a \u00e9t\u00e9 l\u2019occasion d\u2019engager une r\u00e9flexion autour du [&hellip;]<\/p>\n","protected":false},"author":1788,"featured_media":0,"comment_status":"closed","ping_status":"closed","sticky":false,"template":"","format":"standard","meta":{"fifu_image_url":"http:\/\/www.mapmarrakech.ma\/map\/uploads\/2021\/05\/arganier-copier-4.jpg","fifu_image_alt":"Journ\u00e9e d\u2019\u00e9tude sur le d\u00e9veloppement de l\u2019arganier","footnotes":""},"categories":[54,76],"tags":[],"class_list":["post-119288","post","type-post","status-publish","format-standard","hentry","category-maroc","category-regions"],"_links":{"self":[{"href":"https:\/\/linitiative.ca\/International\/wp-json\/wp\/v2\/posts\/119288","targetHints":{"allow":["GET"]}}],"collection":[{"href":"https:\/\/linitiative.ca\/International\/wp-json\/wp\/v2\/posts"}],"about":[{"href":"https:\/\/linitiative.ca\/International\/wp-json\/wp\/v2\/types\/post"}],"author":[{"embeddable":true,"href":"https:\/\/linitiative.ca\/International\/wp-json\/wp\/v2\/users\/1788"}],"replies":[{"embeddable":true,"href":"https:\/\/linitiative.ca\/International\/wp-json\/wp\/v2\/comments?post=119288"}],"version-history":[{"count":0,"href":"https:\/\/linitiative.ca\/International\/wp-json\/wp\/v2\/posts\/119288\/revisions"}],"wp:attachment":[{"href":"https:\/\/linitiative.ca\/International\/wp-json\/wp\/v2\/media?parent=119288"}],"wp:term":[{"taxonomy":"category","embeddable":true,"href":"https:\/\/linitiative.ca\/International\/wp-json\/wp\/v2\/categories?post=119288"},{"taxonomy":"post_tag","embeddable":true,"href":"https:\/\/linitiative.ca\/International\/wp-json\/wp\/v2\/tags?post=119288"}],"curies":[{"name":"wp","href":"https:\/\/api.w.org\/{rel}","templated":true}]}}